{"id":661,"date":"2023-06-08T21:40:22","date_gmt":"2023-06-08T19:40:22","guid":{"rendered":"https:\/\/blog.scani.fr\/?p=661"},"modified":"2023-06-08T21:40:22","modified_gmt":"2023-06-08T19:40:22","slug":"premiere-grosse-panne-fibre-dans-lyonne","status":"publish","type":"post","link":"https:\/\/blog.scani.fr\/index.php\/2023\/06\/08\/premiere-grosse-panne-fibre-dans-lyonne\/","title":{"rendered":"Premi\u00e8re (grosse) panne fibre dans l&rsquo;Yonne"},"content":{"rendered":"\n<p>Ce jeudi 8 juin a \u00e9t\u00e9 le jour de la premi\u00e8re grosse panne de fibre dans l&rsquo;Yonne. On va essayer de vous faire comprendre ce qui s&rsquo;est pass\u00e9 et pourquoi certains ont \u00e9t\u00e9 affect\u00e9s et pas d&rsquo;autres. Vous \u00eates bien accroch\u00e9 ? C&rsquo;est parti !<\/p>\n\n\n\n<p>Pour commencer, on va partir de la fin. Le coupable de cette panne est un \u00e9quipement situ\u00e9 6 Rue Georges Marrane \u00e0 V\u00e9nissieux. Il est stationn\u00e9 dans le b\u00e2timent qui sert d&rsquo;illustration au pr\u00e9sent article. Mais revenons au d\u00e9but.<\/p>\n\n\n\n<!--more-->\n\n\n\n<p>Un peu apr\u00e8s 13h, \u00e0 peine le temps de finir de manger, 35% de l&rsquo;ensemble du trafic du r\u00e9seau de la coop\u00e9rative bascule. Quand on parle de trafic qui bascule, il s&rsquo;agit en fait de donn\u00e9es \u00e9chang\u00e9es par les membres de SCANI vers et depuis internet qui doivent en principe passer par tel chemin dans le r\u00e9seau que nous g\u00e9rons et qui se mettent \u00e0 utiliser un autre chemin.<\/p>\n\n\n\n<p>\u00c7a arrive souvent dans un r\u00e9seau, et m\u00eame plusieurs fois par minutes \u00e0 l&rsquo;\u00e9chelle d&rsquo;internet tout entier, c&rsquo;est justement une des bases de conception des r\u00e9seaux : les donn\u00e9es passent par l\u00e0 ou elles peuvent passer, peu importe si la qualit\u00e9 du lien est pas g\u00e9niale, tant que les petits paquets qui contiennent les donn\u00e9es arrivent \u00e0 bon port.<\/p>\n\n\n\n<p>35% du trafic, c&rsquo;est beaucoup. Et il y en a un peu qui s&rsquo;est perdu en route, bref, quelque chose ne va pas &#8230; mais quoi ?<\/p>\n\n\n\n<p>Chez SCANI, on est un peu d\u00e9tendus. On n&rsquo;est pas la NSA, et quelques minutes de coupures, on sait que de toute fa\u00e7on ce n&rsquo;est pas la peine de s&rsquo;agiter, le plus souvent, \u00e7a revient (la majeure partie du temps, c&rsquo;est une coupure de courant sur un relais et nos copains de chez Enedis font bien leur m\u00e9tier, donc \u00e7a fini par revenir tout seul. Mais un peu avant 14h, on commence quand m\u00eame s\u00e9rieusement \u00e0 se poser des questions, et 2 ou 3 membres se plaignent que \u00ab\u00a0plus de fibre\u00a0\u00bb.<\/p>\n\n\n\n<p>Du coup on \u00ab\u00a0compte les morts\u00a0\u00bb. On prends notre petite carte et on regarde ou il y a du rouge anormal (oui, parce que chez nous, sur les outils techniques, il y a des indications de \u00ab\u00a0trucs cass\u00e9s mais c&rsquo;est normal\u00a0\u00bb &#8230; \u00e7a fait 3 ans qu&rsquo;on a dit qu&rsquo;il fallait qu&rsquo;on fasse quelque chose pour que \u00e7a n&rsquo;apparaisse plus, mais vous savez ce que c&rsquo;est, le cordonnier mal chauss\u00e9 &#8230;)<\/p>\n\n\n\n<figure class=\"wp-block-image size-large\"><img loading=\"lazy\" decoding=\"async\" width=\"1024\" height=\"768\" src=\"https:\/\/blog.scani.fr\/wp-content\/uploads\/2023\/06\/photo_2023-06-08_20-45-39-1024x768.jpg\" alt=\"\" class=\"wp-image-663\" srcset=\"https:\/\/blog.scani.fr\/wp-content\/uploads\/2023\/06\/photo_2023-06-08_20-45-39-1024x768.jpg 1024w, https:\/\/blog.scani.fr\/wp-content\/uploads\/2023\/06\/photo_2023-06-08_20-45-39-300x225.jpg 300w, https:\/\/blog.scani.fr\/wp-content\/uploads\/2023\/06\/photo_2023-06-08_20-45-39-768x576.jpg 768w, https:\/\/blog.scani.fr\/wp-content\/uploads\/2023\/06\/photo_2023-06-08_20-45-39.jpg 1280w\" sizes=\"auto, (max-width: 1024px) 100vw, 1024px\" \/><\/figure>\n\n\n\n<p>Voil\u00e0 en gros \u00e0 quoi \u00e7a peut ressembler (et encore, on vous a servi la version simplifi\u00e9e) &#8230; Un novice ne verra s\u00fbrement pas le probl\u00e8me du premier coup d&rsquo;oeil, mais nous on voit tout de suite : il y a un probl\u00e8me de collecte fibre dans le sud du d\u00e9partement.<\/p>\n\n\n\n<h2 class=\"wp-block-heading\">C&rsquo;est quoi, la collecte fibre ?<\/h2>\n\n\n\n<p>Ceux qui ont lu les rapports moraux de SCANI de ces 2 ou 3 derni\u00e8res ann\u00e9es le savent (<a rel=\"noreferrer noopener\" href=\"https:\/\/doc.scani.fr\/books\/les-bilans-annuels\" target=\"_blank\">\u00e0 retrouver par ici<\/a>) mais pour les nouveaux, pour un fournisseur d&rsquo;acc\u00e8s, il y a en gros deux grandes m\u00e9thodes pour relier des abonn\u00e9s : <\/p>\n\n\n\n<ul class=\"wp-block-list\">\n<li>Vous allez installer votre mat\u00e9riel dans les armoires, les centraux, etc &#8230; et vous g\u00e9rer vous m\u00eame le \u00ab\u00a0dernier kilom\u00e8tre\u00a0\u00bb, en gros, \u00e7a vous co\u00fbte tr\u00e8s cher \u00e0 la mise en route, un peu moins cher \u00e0 l&rsquo;exploitation, vous pouvez faire un peu comme vous voulez mais si \u00e7a tombe en panne c&rsquo;est souvent de votre faute. On appel \u00e7a l&rsquo;exploitation en mode passif<\/li>\n\n\n\n<li>Vous demandez \u00e0 un autre op\u00e9rateur (souvent celui qui a construit le r\u00e9seau dans la rue du coin ou vous voulez exploiter) de g\u00e9rer pour vous tout les petits d\u00e9tails locaux et vous vous faites livrer le trafic \u00e0 un endroit (ou, id\u00e9alement, deux) ou tout ce qui concerne vos abonn\u00e9s va transiter. Vous payez moins cher \u00e0 la mise en service, plus cher \u00e0 l&rsquo;abonnement, vous \u00eates moins ind\u00e9pendant, mais si \u00e7a casse \u00e0 l&rsquo;autre bout de la France, l&rsquo;abonnement plus cher que vous payez sert \u00e0 payer des gens pour aller r\u00e9parer. On appel \u00e7a l&rsquo;exploitation activ\u00e9e ou \u00ab\u00a0en mode collecte\u00a0\u00bb.<\/li>\n<\/ul>\n\n\n\n<p>Il y a (sinon, \u00e7a serait trop simple) un infinit\u00e9 de situations interm\u00e9diaires, vous vous en doutez, mais vous voyez en gros le tableau.<\/p>\n\n\n\n<p>SCANI op\u00e8re sous r\u00e9seau sous les deux principes en fonction des zones g\u00e9ographiques. Sur l&rsquo;image ci-dessus, le gros p\u00e2t\u00e9 plein de cercles verts, c&rsquo;est le Jovinien, ou SCANI a massivement (> 100.000 \u20ac) investi pour exploiter passivement le r\u00e9seau de <a rel=\"noreferrer noopener\" href=\"https:\/\/bfcfibre.fr\/\" target=\"_blank\">BFCFibre<\/a> et ou il n&rsquo;y a pas eu de soucis aujourd&rsquo;hui.<\/p>\n\n\n\n<p>Si vous regardez un peu plus haut, on trouve aussi des cercles verts, signe que tout va bien aussi au nord.<\/p>\n\n\n\n<p>Par contre, au sud et \u00e0 l&rsquo;est, c&rsquo;est moins joli. Il y a de la fibre HS. Heureusement, le r\u00e9seau radio que nous avons construit depuis 10 ans, lui, fonctionne.<\/p>\n\n\n\n<h2 class=\"wp-block-heading\">Et donc, c&rsquo;est tout p\u00e9t\u00e9 ?<\/h2>\n\n\n\n<p>14h, la conclusion est relativement simple : tout va bien chez SCANI, puisque les choses qui sont en panne sont sectoris\u00e9e dans un coin donn\u00e9, et que, sur les m\u00eames connexions de collecte, on a des gens qui sont encore l\u00e0 et d&rsquo;autres qui ont disparu.<\/p>\n\n\n\n<p>100% des fibres qui sont en panne sont g\u00e9r\u00e9es de mani\u00e8re activ\u00e9e (second point ci-dessus) par <a rel=\"noreferrer noopener\" href=\"https:\/\/www.yconik-fibre.fr\/\" target=\"_blank\">Yconik<\/a>, filiale d&rsquo;Altitude Infrastructure, qui est actuellement entrain de d\u00e9ployer plus de 140000 lignes fibres dans le d\u00e9partement (on en est en gros \u00e0 60% ce jour, fin pr\u00e9vue pour No\u00ebl &#8230; mais on a encore un doute sur l&rsquo;ann\u00e9e).<\/p>\n\n\n\n<p>Ce n&rsquo;est pas une information publiquement disponible, mais comme nous avons de grandes oreilles chez SCANI, on le sait : m\u00eame s&rsquo;il est pr\u00e9vu d&rsquo;\u00eatre \u00ab\u00a0boucl\u00e9\u00a0\u00bb, le r\u00e9seau Yconik est encore \u00e0 ce jour scind\u00e9 en deux : <\/p>\n\n\n\n<ul class=\"wp-block-list\">\n<li>le nord du d\u00e9partement (en gros jusqu&rsquo;\u00e0 Joigny, qui, elle, n&rsquo;est pas concern\u00e9e par Yconik) est connect\u00e9 \u00e0 un point central situ\u00e9 au dessus de Sens<\/li>\n\n\n\n<li>le sud, pour sa part, est connect\u00e9 \u00e0 un point central situ\u00e9 au dessus d&rsquo;Auxerre<\/li>\n<\/ul>\n\n\n\n<p>De ces deux points centraux, le trafic \u00ab\u00a0du nord\u00a0\u00bb part directement vers Paris et le trafic \u00ab\u00a0du sud\u00a0\u00bb part vers Dijon le long de nos autoroutes favorites. Plus tard, les deux seront reli\u00e9s et le trafic de l&rsquo;ensemble pourra aller d&rsquo;un c\u00f4t\u00e9 comme de l&rsquo;autre, c&rsquo;est le principe de redondance des r\u00e9seaux dont on parlait plus haut, mais comme tout est fait \u00e0 l&rsquo;envers dans la fibre, ils commencent par l&rsquo;amener chez les gens avant de s&rsquo;assurer que les grosses dorsales sont s\u00e9curis\u00e9es (et ce n&rsquo;est pas sp\u00e9cifique \u00e0 Yconik, hein, on vous voit venir &#8230; tout le monde fait pareil, parce que \u00ab\u00a0c&rsquo;est press\u00e9, la fibre !\u00a0\u00bb)<\/p>\n\n\n\n<p>En voyant notre carte, le bilan est \u00e9vident : le r\u00e9seau sud d&rsquo;Yconik est coup\u00e9.<\/p>\n\n\n\n<p>Premier r\u00e9flexe, on \u00e9crit \u00e0 Yconik pour signaler la situation. Comme il y a 6 services avec 12 sous-sevices et une flop\u00e9e d&rsquo;options, on tombera encore sur une charmante r\u00e9ponse du type \u00ab\u00a0oh ben non tout va bien\u00a0\u00bb .. on a finir par conclure qu&rsquo;il fallait un bac+12 en base de donn\u00e9es pour \u00e9crire \u00e0 la bonne personne chez eux, et tant pis &#8230; <\/p>\n\n\n\n<h2 class=\"wp-block-heading\">On s&rsquo;attendait \u00e0 mieux de votre part !<\/h2>\n\n\n\n<p>\u00c9videmment &#8230; \u00e0 c\u00f4t\u00e9 de la demande officielle \u00ab\u00a0pour la forme\u00a0\u00bb, on lance donc nos petites taupes et on gratte dans nos r\u00e9seaux pour avoir des infos. \u00c7a ne tarde pas \u00e0 tomber : des soucis sur un lien qui passe le long de l&rsquo;autoroute A6.<\/p>\n\n\n\n<p>On lance quelques news aux membres concern\u00e9s qui se sont manifest\u00e9s et, puisque de toute fa\u00e7on, on ne peut rien faire de notre c\u00f4t\u00e9, on retourne \u00e0 nos occupations.<\/p>\n\n\n\n<p>Et puis, vers le milieu de l&rsquo;apr\u00e8s midi, on fini par tomber sur une conversation sur Twitter ou quelques copains r\u00e2lent que c&rsquo;est p\u00e9nible les probl\u00e8mes dans les datacenters ces derniers temps (de notre c\u00f4t\u00e9, on a eu du bol, mais il y en a un qui a br\u00fbl\u00e9 il y a quelques semaines) &#8230; Et pour cause, le b\u00e2timent de SFR \u00e0 V\u00e9nissieux (c&rsquo;est \u00e0 c\u00f4t\u00e9 de Lyon, c&rsquo;est pour \u00e7a qu&rsquo;on n&rsquo;avait pas tout de suite vu la discussion, on cherchait moins loin) a perdu ses deux lignes de courant en d\u00e9but d&rsquo;apr\u00e8s midi.<\/p>\n\n\n\n<p>En d\u00e9but d&rsquo;apr\u00e8s midi, mais c&rsquo;est le d\u00e9but de nos soucis, \u00e7a !<\/p>\n\n\n\n<p>Eh oui, internet, en France, \u00e7a se concentre en deux points : \u00e0 Paris et \u00e0 Lyon, et l&rsquo;Yonne est coup\u00e9e en deux en la mati\u00e8re (en tout cas pour ce qui concerne la fibre d\u00e9ploy\u00e9e par Yconik). On se rassure hein, apr\u00e8s \u00eatre all\u00e9 faire un tour par Lyon, plus de 80% du trafic remonte \u00e0 Paris hein, c&rsquo;est quand m\u00eame la capitale ! \ud83d\ude42<\/p>\n\n\n\n<h2 class=\"wp-block-heading\">Que vient foutre SFR dans l&rsquo;histoire ?<\/h2>\n\n\n\n<p>Vous vous souvenez, au d\u00e9but de l&rsquo;article, on a dit qu&rsquo;on expliquait sch\u00e9matiquement le passif et l&rsquo;activ\u00e9 ? Eh bien nous y sommes. Quand on g\u00e8re un r\u00e9seau (quel qu&rsquo;il soit, pour un fournisseur d&rsquo;acc\u00e8s comme SCANI ou pour un op\u00e9rateur d&rsquo;infrastructure comme Yconik), on installe des connexions entre tel endroit et tel endroit mais quand il en existe d\u00e9j\u00e0, plut\u00f4t que de remettre des c\u00e2bles, des machines, des b\u00e2timents, etc &#8230; on utilise (on loue, en r\u00e9alit\u00e9) ce qui existe.<\/p>\n\n\n\n<p>Le trafic qui sort de votre ordinateur, il va atterrir dans un autre ordinateur qui va vous r\u00e9pondre et ainsi de suite. \u00c7a arrive que cet autre ordinateur soit chez un particulier (c&rsquo;est le cas des protocoles peer2peer, vous savez, les vilains trucs qui servent \u00e0 pirater des films &#8230; ah non, \u00e7a, c&rsquo;\u00e9tait en 2012 ..) mais la plupart du temps, l&rsquo;ordinateur de l&rsquo;autre c\u00f4t\u00e9, il est dans un gros b\u00e2timent industriel qu&rsquo;on nomme commun\u00e9ment \u00ab\u00a0datacenter\u00a0\u00bb. Certains disent aussi \u00ab\u00a0le cloud\u00a0\u00bb, mais qu&rsquo;on ne s&rsquo;y trompe pas, \u00e7a ne reste qu&rsquo;un gros tas d&rsquo;ordinateurs qui consomment une \u00e9nergie folle.<\/p>\n\n\n\n<p>Le NetCenter SFR de V\u00e9nissieux est un de ceux l\u00e0 : un datacenter (l&rsquo;un des plus gros, ou en tout cas des plus pris\u00e9s, hors Paris), qui a \u00e9galement l&rsquo;avantage d&rsquo;\u00eatre un des premiers du secteur g\u00e9ographique et donc de concentrer un grand nombre d&rsquo;op\u00e9rateurs, dont celui qui transporte les donn\u00e9es collect\u00e9es par Yconik dans le sud de l&rsquo;Yonne.<\/p>\n\n\n\n<p>Oui, parce que si c&rsquo;\u00e9tait Yconik qui g\u00e9rait tout, ce serait trop simple. Ils construisent le r\u00e9seau dans nos rues Icaunaise, mais ce n&rsquo;est pas eux qui ont creus\u00e9 le bord de l&rsquo;autoroute (c&rsquo;est APRR), et ce n&rsquo;est pas eux qui g\u00e8rent \u00ab\u00a0l&rsquo;arriv\u00e9e\u00a0\u00bb \u00e0 Lyon ni la remont\u00e9e \u00e0 Paris.<\/p>\n\n\n\n<p>Bref, le trafic collect\u00e9 sur Yconik dans le sud de l&rsquo;Yonne, il arrive \u00e0 V\u00e9nissieux dans le b\u00e2timent de SFR, et de l\u00e0, il remonte \u00e0 Paris pour retomber sur le r\u00e9seau de l\u00a0\u00bbop\u00e9rateur concern\u00e9.<\/p>\n\n\n\n<h2 class=\"wp-block-heading\">Ah parce que Yconik, ils travaillent pas que pour SCANI<\/h2>\n\n\n\n<p>Ben non, c&rsquo;est un r\u00e9seau ouvert \u00e0 tous les op\u00e9rateurs. Vous vous souvenez ? On a pr\u00e9venu que ce serait compliqu\u00e9.<\/p>\n\n\n\n<p>Donc les petits comme nous, \u00e9videmment, vu qu&rsquo;ils ne peuvent pas financer un d\u00e9ploiement passif, ils utilisent des offres activ\u00e9es. Mais le truc amusant (enfin, relativement amusant), c&rsquo;est qu&rsquo;il n&rsquo;y a pas que les abonn\u00e9s des petits op\u00e9rateurs qui ont \u00e9t\u00e9 touch\u00e9s par la panne.<\/p>\n\n\n\n<p>Bon, \u00e9videmment, pas Orange. Orange, ils ont leur propre r\u00e9seau (vous savez, celui qu&rsquo;on a brad\u00e9 en bourse \u00e0 la fin du si\u00e8cle dernier), mais un autre op\u00e9rateur dont la maison m\u00e8re est sp\u00e9cialis\u00e9e dans le b\u00e9ton a subit les m\u00eames d\u00e9sagr\u00e9ments &#8230;<\/p>\n\n\n\n<h2 class=\"wp-block-heading\">Mais pourquoi ? T&rsquo;avais dit que les gros il faisaient du passif sans \u00eatre d\u00e9pendant d&rsquo;Yconik<\/h2>\n\n\n\n<p>Ouiiiii, ils font \u00e7a. Mais pas partout, pas sur tout le trajet.<\/p>\n\n\n\n<p>Certains s&rsquo;en souviennent probablement, un r\u00e9seau fibre, c&rsquo;est compos\u00e9 de :<\/p>\n\n\n\n<ul class=\"wp-block-list\">\n<li>Une PTO (prise terminale optique), c&rsquo;est la prise qui est chez vous<\/li>\n\n\n\n<li>Un PBO (point de branchement optique), c&rsquo;est la boite qui est sur le poteau devant la maison et qui collectionne les 4 \u00e0 10 logements autour<\/li>\n\n\n\n<li>Un PM (point de mutualisation), c&rsquo;est l&rsquo;armoire du quartier ou sont rassembl\u00e9s tous les c\u00e2bles qui vont dans les PBOs du coin<\/li>\n\n\n\n<li>Un NRO (noeud de raccordement optique) qui rassemble tous les PMs du secteur<\/li>\n<\/ul>\n\n\n\n<p>Mais apr\u00e8s le NRO &#8230; comment on va sur internet ? Y&rsquo;a une boite magique dedans avec tous les films de netflix et tous les articles du blog de SCANI ? Non, on va \u00e0 Lyon et surtout \u00e0 Paris.<\/p>\n\n\n\n<p>SCANI g\u00e8re toute cette m\u00e9canique sur Joigny (c&rsquo;est le <a rel=\"noreferrer noopener\" href=\"https:\/\/www.scani.fr\/racine\/\" target=\"_blank\">projet Racine<\/a> auquel vous pouvez encore contribuer) mais ailleurs, on laisse faire Yconik.<\/p>\n\n\n\n<p>Les autres gros op\u00e9rateurs (en dehors d&rsquo;Orange, donc) aussi g\u00e8rent tout \u00e7a, mais sortis du NRO, pour aller sur leurs \u00ab\u00a0t\u00eates de r\u00e9seau\u00a0\u00bb \u00e0 Lyon et \u00e0 Paris, ils passent par &#8230;. Yconik.<\/p>\n\n\n\n<h2 class=\"wp-block-heading\">Et du coup, il s&rsquo;est pass\u00e9 quoi, en vrai ?<\/h2>\n\n\n\n<p>Une panne dans un datacenter, c&rsquo;est assez rare, mais \u00e7a arrive. L\u00e0, c&rsquo;\u00e9tait une panne \u00e9lectrique partielle qui a globalement \u00e9t\u00e9 r\u00e9par\u00e9e relativement vite (moins d&rsquo;une heure \u00e0 priori, mais nous n&rsquo;avons pas de donn\u00e9es pr\u00e9cises l\u00e0 dessus) &#8230; Mais le r\u00e9seau d&rsquo;Yconik n&rsquo;a pas red\u00e9marr\u00e9. Il semble que ce soit d\u00fb \u00e0 un disjoncteur qui aurait saut\u00e9, mais on n&rsquo;en saura probablement pas plus, et certainement pas de mani\u00e8re officielle.<\/p>\n\n\n\n<p>Il a fallu que quelqu&rsquo;un se d\u00e9place jusqu&rsquo;\u00e0 V\u00e9nissieux pour aller appuyer sur un bouton.<\/p>\n\n\n\n<h2 class=\"wp-block-heading\">C&rsquo;est quoi, la chute de l&rsquo;histoire ?<\/h2>\n\n\n\n<p>Deux morales : <\/p>\n\n\n\n<p>SCANI va conserver son r\u00e9seau radio, parce que lui, il tombe en panne de temps en temps, mais jamais partout en m\u00eame temps comme \u00e7a, et surtout on a du monde sur place. On a du mal \u00e0 faire comprendre l&rsquo;importance de cet outil, et on aime pas avoir raison et sortir des \u00ab\u00a0gna gna gna on vous l&rsquo;avait bien dit\u00a0\u00bb, mais la preuve est faite.<\/p>\n\n\n\n<p>Le d\u00e9ploiement de la fibre, c&rsquo;est n&rsquo;importe quoi. Personne ne sait qui fait quoi, m\u00eame les op\u00e9rateurs n&rsquo;ont aucune id\u00e9e des dommages collat\u00e9raux de leurs \u00e2neries, et commencer par la fin, c&rsquo;\u00e9tait vraiment pas l&rsquo;id\u00e9e du si\u00e8cle. Il y a un \u00e9tat de l&rsquo;art en mati\u00e8re de r\u00e9seau, et il est clair : on double les art\u00e8res principales avant tout.<\/p>\n\n\n\n<p>En bref : si on ne chouchoute pas nos r\u00e9seaux et qu&rsquo;on fait tout \u00e0 l&rsquo;envers, une mouche qui p\u00e8te \u00e0 V\u00e9nissieux, \u00e7a coupe l&rsquo;internet \u00e0 Tonnerre.<\/p>\n","protected":false},"excerpt":{"rendered":"<p>Ce jeudi 8 juin a \u00e9t\u00e9 le jour de la premi\u00e8re grosse panne de fibre dans l&rsquo;Yonne. On va essayer de vous faire comprendre ce qui s&rsquo;est pass\u00e9 et pourquoi certains ont \u00e9t\u00e9 affect\u00e9s et pas d&rsquo;autres. Vous \u00eates bien accroch\u00e9 ? C&rsquo;est parti ! Pour commencer, on va partir de la fin. Le coupable [&hellip;]<\/p>\n","protected":false},"author":1,"featured_media":662,"comment_status":"open","ping_status":"open","sticky":false,"template":"","format":"standard","meta":{"footnotes":""},"categories":[9,4],"tags":[],"class_list":["post-661","post","type-post","status-publish","format-standard","has-post-thumbnail","hentry","category-reseau","category-technique"],"_links":{"self":[{"href":"https:\/\/blog.scani.fr\/index.php\/wp-json\/wp\/v2\/posts\/661","targetHints":{"allow":["GET"]}}],"collection":[{"href":"https:\/\/blog.scani.fr\/index.php\/wp-json\/wp\/v2\/posts"}],"about":[{"href":"https:\/\/blog.scani.fr\/index.php\/wp-json\/wp\/v2\/types\/post"}],"author":[{"embeddable":true,"href":"https:\/\/blog.scani.fr\/index.php\/wp-json\/wp\/v2\/users\/1"}],"replies":[{"embeddable":true,"href":"https:\/\/blog.scani.fr\/index.php\/wp-json\/wp\/v2\/comments?post=661"}],"version-history":[{"count":1,"href":"https:\/\/blog.scani.fr\/index.php\/wp-json\/wp\/v2\/posts\/661\/revisions"}],"predecessor-version":[{"id":664,"href":"https:\/\/blog.scani.fr\/index.php\/wp-json\/wp\/v2\/posts\/661\/revisions\/664"}],"wp:featuredmedia":[{"embeddable":true,"href":"https:\/\/blog.scani.fr\/index.php\/wp-json\/wp\/v2\/media\/662"}],"wp:attachment":[{"href":"https:\/\/blog.scani.fr\/index.php\/wp-json\/wp\/v2\/media?parent=661"}],"wp:term":[{"taxonomy":"category","embeddable":true,"href":"https:\/\/blog.scani.fr\/index.php\/wp-json\/wp\/v2\/categories?post=661"},{"taxonomy":"post_tag","embeddable":true,"href":"https:\/\/blog.scani.fr\/index.php\/wp-json\/wp\/v2\/tags?post=661"}],"curies":[{"name":"wp","href":"https:\/\/api.w.org\/{rel}","templated":true}]}}