{"id":512,"date":"2020-10-04T15:08:55","date_gmt":"2020-10-04T13:08:55","guid":{"rendered":"https:\/\/blog.scani.fr\/?p=512"},"modified":"2020-10-04T15:08:56","modified_gmt":"2020-10-04T13:08:56","slug":"vote-de-cloture-de-lannee-2019","status":"publish","type":"post","link":"https:\/\/blog.scani.fr\/index.php\/2020\/10\/04\/vote-de-cloture-de-lannee-2019\/","title":{"rendered":"Vote de cl\u00f4ture de l&rsquo;ann\u00e9e 2019"},"content":{"rendered":"\n<p>Nous d\u00e9marrons ce jour les votes relatifs au bilan 2019 de SCANI<\/p>\n\n\n\n<p>Vous pouvez retrouver les \u00e9l\u00e9ments moraux et financiers aux adresses suivantes :<\/p>\n\n\n\n<ul class=\"wp-block-list\"><li><a href=\"https:\/\/static.scani.fr\/2020\/20201004-Bilan-Moral-2019-v2.0.pdf\">Bilan moral<\/a><\/li><li><a href=\"https:\/\/static.scani.fr\/2020\/2019-Bilan-financier-global-public.pdf\">Bilan financier<\/a><\/li><\/ul>\n\n\n\n<!--more-->\n\n\n\n<p>Les membres peuvent voter directement sur leur espace <a href=\"https:\/\/cooperateurs.scani.fr\/\">https:\/\/cooperateurs.scani.fr\/<\/a> ou bien venir voter \u00e0 la permanence du mardi, ou encore envoyer simplement leurs directives de vote par email.<\/p>\n\n\n\n<p>Lors des d\u00e9bats qui ont eu lieu du 15 juillet au 15 septembre, plusieurs questions ont \u00e9t\u00e9 propos\u00e9es. Un nombre croissants de contributions a \u00e9t\u00e9 enregistr\u00e9 (en comparaison avec les ann\u00e9es pr\u00e9c\u00e9dentes). Pour autant, personne n\u2019a manifest\u00e9 le souhait d\u2019organiser des r\u00e9unions physiques. La crise sanitaire actuelle y est peut \u00eatre pour quelque chose.<\/p>\n\n\n\n<p>Voici en quelques mots une restitution des diverses contributions (celles-ci ont \u00e9t\u00e9 consign\u00e9es au fur et \u00e0 mesure sur le site documentaire de SCANI<a href=\"#sdfootnote1sym\"><sup>1<\/sup><\/a>)<\/p>\n\n\n\n<h4 class=\"wp-block-heading\"><strong>Corrections de coquilles<\/strong><\/h4>\n\n\n\n<p>La liste des r\u00e9solutions \u00e0 voter mentionnait le renouvellement du mandat de Franck Mouchel alors qu&rsquo;il n&rsquo;en a pas manifest\u00e9 le souhait. La r\u00e9solution 6 sera donc supprim\u00e9e de la liste des \u00e9l\u00e9ments \u00e0 voter (coquille rep\u00e9r\u00e9e par Christophe)<\/p>\n\n\n\n<h4 class=\"wp-block-heading\">Ajouts \u00e0 la marge<\/h4>\n\n\n\n<p>Un lien vers la vid\u00e9o f\u00e9d\u00e9rale expliquant le barom\u00e8tre FTTH a \u00e9t\u00e9 ajout\u00e9e page 20.<\/p>\n\n\n\n<h4 class=\"wp-block-heading\">A propos de la strat\u00e9gie moyen\/long terme<\/h4>\n\n\n\n<p>Un membre, consid\u00e9rant que la vocation de SCANI est de \u00ab\u00a0boucher les trous\u00a0\u00bb, propose de mettre d&rsquo;accent sur l&rsquo;essaimage de ce que nous faisons autour de nous. C&rsquo;est d\u00e9j\u00e0 en partie le cas au travers des actions que nous menons dans le cadre de notre f\u00e9d\u00e9ration, mais il y aurait effectivement fort \u00e0 faire pour encourager la naissance d&rsquo;autres fabricants d&rsquo;acc\u00e8s internet locaux partout en France. \u00c7a pourrait \u00eatre l&rsquo;objet d&rsquo;une r\u00e9orientation partielle des forces que nous mettons actuellement dans la formation et l&rsquo;accompagnement, qui, en plus de d&rsquo;adresser aux publics locaux qui veulent comprendre et aider, pourrait b\u00e9n\u00e9ficier \u00e0 d&rsquo;autres futurs actifs de nouvelles structures ailleurs.<\/p>\n\n\n\n<p>Un grand nombre de sp\u00e9cificit\u00e9s de SCANI ne sont pas connues, ni du grand public, ni m\u00eame d&rsquo;une bonne partie des membres. Il semblerait utile de travailler la mise en avant de ces points :<\/p>\n\n\n\n<ul class=\"wp-block-list\"><li>La neutralit\u00e9 du r\u00e9seau<\/li><li>La prise de d\u00e9cision horizontale et d\u00e9mocratique<\/li><li>L&rsquo;organisation diff\u00e9rente du travail<\/li><li>La co-propri\u00e9t\u00e9 du r\u00e9seau et des activit\u00e9s par les membres eux-m\u00eame<\/li><\/ul>\n\n\n\n<h4 class=\"wp-block-heading\">A propos de la p\u00e9rennit\u00e9 du r\u00e9seau de SCANI<\/h4>\n\n\n\n<p>Il semble, comme mentionn\u00e9 dans le bilan moral 2019, qu&rsquo;on se dirige vers une baisse globale de l&rsquo;arriv\u00e9e de nouveaux connect\u00e9s sur le r\u00e9seau radio. Le challenge d&rsquo;aller exploiter les r\u00e9seaux fibres en cours de d\u00e9ploiement est donc plus que jamais d&rsquo;actualit\u00e9. Pour autant, certains membres soulignent les points suivants :<\/p>\n\n\n\n<ul class=\"wp-block-list\"><li>L&rsquo;abonnement \u00e0 30 \u20ac sur le r\u00e9seau SCANI, s&rsquo;il fourni suffisamment de d\u00e9bit, peut convenir \u00e0 de nombreux membres, m\u00eame si un r\u00e9seau FTTH&nbsp; est disponible \u00e0 leur adresse (mais proposant des abonnements souvent &gt; 40 \u20ac). Pour autant, quelques membres ont soulign\u00e9 qu&rsquo;il semblait contre-productif voir nocif de se lancer dans une guerre des prix.<\/li><li>Les hameaux et lieux isol\u00e9s ne seront probablement pas couverts dans l&rsquo;imm\u00e9diat voir pas du tout, de petits morceaux de r\u00e9seau SCANI, s&rsquo;appuyant sur les r\u00e9seaux FTTH avoisinants, pourront y apporter le d\u00e9bit n\u00e9cessaire.<\/li><li>Certains membres sugg\u00e8rent que SCANI pourrait officiellement ajouter \u00e0 l&rsquo;arc de ses comp\u00e9tences la gestion de r\u00e9seaux wifi internes \u00e0 des b\u00e2timents (pour des entreprises ou des administrations), voir le conseil en mati\u00e8re de num\u00e9rique. Ce sont des pistes qui avaient \u00e9t\u00e9 \u00e9tudi\u00e9es il y a plusieurs ann\u00e9es sans pour autant aboutir \u00e0 un r\u00e9sultat concret. Il avait notamment \u00e9t\u00e9 question de grouper les forces financi\u00e8res de petites communes pour financer des emplois d&rsquo;informaticiens qui passeraient X heures par semaine dans telle commune et Y autres dans telle autre. Le c\u00f4t\u00e9 coop\u00e9ratif de cette activit\u00e9 est moins \u00e9vident \u00e0 g\u00e9rer, mais la coop\u00e9ration peut s&rsquo;entendre du c\u00f4t\u00e9 de la gouvernance qui pilote des activit\u00e9s salari\u00e9es.<\/li><\/ul>\n\n\n\n<h4 class=\"wp-block-heading\">A propos du projet SCANI Soldaire<\/h4>\n\n\n\n<p>Les avis sont assez contrast\u00e9s. Certains pensent que les structures publiques et para-publiques d&rsquo;aides aux plus d\u00e9munies sont d\u00e9j\u00e0 suffisamment nombreuses et que \u00e7a ne doit pas \u00eatre le r\u00f4le de SCANI, d&rsquo;autres soutiennent au contraire l&rsquo;initiative sans pour autant trouver de solution au principal probl\u00e8me :<\/p>\n\n\n\n<p>Un point de consensus s&rsquo;est d\u00e9gag\u00e9 des d\u00e9bats en amont de ceux de l&rsquo;assembl\u00e9e g\u00e9n\u00e9rale : si SCANI se met \u00e0 proposer des tarifs solidaire, ce n&rsquo;est pas le r\u00f4le de la coop\u00e9rative de d\u00e9terminer QUI peut y avoir acc\u00e8s. Nous avons pris contact avec de nombreuses structures sociales qui nous ont toutes dit qu&rsquo;il \u00e9tait simple de fl\u00e9cher de possibles b\u00e9n\u00e9ficiaires vers nous si on le souhaitait, mais qu&rsquo;ils ne seraient pas en mesure de nous dire, plus tard, si telle ou telle personne peut ou ne peut pas continuer \u00e0 b\u00e9n\u00e9ficier d&rsquo;une offre solidaire.<\/p>\n\n\n\n<p>Ceci implique un suivi pour le moins d\u00e9sagr\u00e9able consistant \u00e0 demander \u00e0 intervalle r\u00e9gulier (6 mois ? Un an ?) \u00e0 chaque b\u00e9n\u00e9ficiaire s&rsquo;il est toujours concern\u00e9. On pourrait avoir tendance \u00e0 vouloir conditionner ce genre d&rsquo;offre au revenu du foyer, mais quelle l\u00e9gitimit\u00e9 aurait SCANI \u00e0 demander une feuille d&rsquo;imposition ? Des b\u00e9n\u00e9voles voudraient-ils seulement s&rsquo;occuper de \u00e7a ?<\/p>\n\n\n\n<p>Bref, le principe en lui m\u00eame n&rsquo;est pas tranch\u00e9 et la m\u00e9thode, si on y allait quand m\u00eame, non plus. Il serait donc pertinent qu&rsquo;un vote ai lieu sur le principe de fond avant d&rsquo;aller plus loin.<\/p>\n\n\n\n<h4 class=\"wp-block-heading\"><strong>A propos des conseils<\/strong><\/h4>\n\n\n\n<p>Nous n\u2019avons enregistr\u00e9 aucune candidature aux conseils d\u2019administration et de surveillance. Si ce n\u2019est pas imp\u00e9ratif, \u00e9tant donn\u00e9 la composition actuelle, il faudra tout de m\u00eame que de nouvelles forces vives se manifestent \u00e0 l\u2019avenir pour assurer la continuit\u00e9 des conseils.<\/p>\n\n\n\n<p><a href=\"#sdfootnote1anc\">1<\/a>https:\/\/doc.scani.fr\/books\/la-gouvernance\/page\/synth%C3%A8se-des-contributions-de-lag-de-cl%C3%B4ture-2019<\/p>\n","protected":false},"excerpt":{"rendered":"<p>Nous d\u00e9marrons ce jour les votes relatifs au bilan 2019 de SCANI Vous pouvez retrouver les \u00e9l\u00e9ments moraux et financiers aux adresses suivantes : Bilan moral Bilan financier<\/p>\n","protected":false},"author":1,"featured_media":505,"comment_status":"open","ping_status":"open","sticky":false,"template":"","format":"standard","meta":{"footnotes":""},"categories":[3],"tags":[],"class_list":["post-512","post","type-post","status-publish","format-standard","has-post-thumbnail","hentry","category-cooperatif"],"_links":{"self":[{"href":"https:\/\/blog.scani.fr\/index.php\/wp-json\/wp\/v2\/posts\/512","targetHints":{"allow":["GET"]}}],"collection":[{"href":"https:\/\/blog.scani.fr\/index.php\/wp-json\/wp\/v2\/posts"}],"about":[{"href":"https:\/\/blog.scani.fr\/index.php\/wp-json\/wp\/v2\/types\/post"}],"author":[{"embeddable":true,"href":"https:\/\/blog.scani.fr\/index.php\/wp-json\/wp\/v2\/users\/1"}],"replies":[{"embeddable":true,"href":"https:\/\/blog.scani.fr\/index.php\/wp-json\/wp\/v2\/comments?post=512"}],"version-history":[{"count":1,"href":"https:\/\/blog.scani.fr\/index.php\/wp-json\/wp\/v2\/posts\/512\/revisions"}],"predecessor-version":[{"id":513,"href":"https:\/\/blog.scani.fr\/index.php\/wp-json\/wp\/v2\/posts\/512\/revisions\/513"}],"wp:featuredmedia":[{"embeddable":true,"href":"https:\/\/blog.scani.fr\/index.php\/wp-json\/wp\/v2\/media\/505"}],"wp:attachment":[{"href":"https:\/\/blog.scani.fr\/index.php\/wp-json\/wp\/v2\/media?parent=512"}],"wp:term":[{"taxonomy":"category","embeddable":true,"href":"https:\/\/blog.scani.fr\/index.php\/wp-json\/wp\/v2\/categories?post=512"},{"taxonomy":"post_tag","embeddable":true,"href":"https:\/\/blog.scani.fr\/index.php\/wp-json\/wp\/v2\/tags?post=512"}],"curies":[{"name":"wp","href":"https:\/\/api.w.org\/{rel}","templated":true}]}}