{"id":508,"date":"2020-09-28T13:49:41","date_gmt":"2020-09-28T11:49:41","guid":{"rendered":"https:\/\/blog.scani.fr\/?p=508"},"modified":"2020-09-28T13:49:43","modified_gmt":"2020-09-28T11:49:43","slug":"problemes-electriques-en-serie","status":"publish","type":"post","link":"https:\/\/blog.scani.fr\/index.php\/2020\/09\/28\/problemes-electriques-en-serie\/","title":{"rendered":"Probl\u00e8mes \u00e9lectriques en s\u00e9rie"},"content":{"rendered":"\n<p>Ce n&rsquo;est un secret pour personne, \u00ab\u00a0les emmerdes, \u00e7a vole toujours en escadrille\u00a0\u00bb.<\/p>\n\n\n\n<p>\u00c7a n&rsquo;a l&rsquo;air de rien comme \u00e7a, mais le r\u00e9seau de notre coop\u00e9rative, bien que redondant \u00e0 bien des endroits, est tout de m\u00eame fortement d\u00e9pendant de l&rsquo;\u00e9lectricit\u00e9. Un relais est \u00e9teint et c&rsquo;est tous les membres situ\u00e9s \u00ab\u00a0derri\u00e8re\u00a0\u00bb lui qui n&rsquo;ont plus de r\u00e9seau sans forc\u00e9ment savoir pourquoi. <\/p>\n\n\n\n<p>lustration ces quelques derniers jours :<\/p>\n\n\n\n<!--more-->\n\n\n\n<p>Le vendredi 25 septembre, le r\u00e9seau en Puisaye a clignot\u00e9 pas mal suite \u00e0 divers soucis d&rsquo;\u00e9lectricit\u00e9 sur le r\u00e9seau d&rsquo;Enedis, notamment du c\u00f4t\u00e9 de Taingy.<\/p>\n\n\n\n<p>Le samedi 26 septembre, un des pyl\u00f4nes \u00ab\u00a0New Deal Mobile\u00a0\u00bb s&rsquo;est retrouv\u00e9 sans \u00e9lectricit\u00e9 de 15h30 \u00e0 22h30 suite \u00e0 la casse d&rsquo;une ligne haute tension du c\u00f4t\u00e9 de Villefranche-Saint-Phal. \u00c7a n&rsquo;a g\u00ean\u00e9 qu&rsquo;un membre, seul connect\u00e9 \u00e0 ce relais pour l&rsquo;instant, mais qui s&rsquo;est quand m\u00eame d\u00e9plac\u00e9 \u00e0 Joigny pour venir chercher les cl\u00e9s du pyl\u00f4ne, pour finir par le trouver totalement \u00e9teint en milieu de soir\u00e9e, puis qui a crois\u00e9 les \u00e9quipes Enedis en plein champ entrain de travailler.<\/p>\n\n\n\n<p>Le dimanche 27 septembre, c&rsquo;est au tour de notre arriv\u00e9e fibre principale dans le secteur de Grandchamp\/Charny de subir une coupure \u00e9lectrique entre 6h30 et 14h45. Cet incident a eu un peu plus d&rsquo;impact, mais le secteur b\u00e9n\u00e9ficie toujours de l&rsquo;ancien lien de sortie vers Taingy qui a \u00e9t\u00e9 r\u00e9activ\u00e9 vers 10h30, ce qui a permis de maintenir un service \u00e0 la quasi totalit\u00e9 des membres du secteur pendant le reste de la coupure.<\/p>\n\n\n\n<p>Cette derni\u00e8re \u00e9tait, par ailleurs, assez impressionnante .. s&rsquo;agissant d&rsquo;un .. incendie de compteur. Eh non, il n&rsquo;y a pas que les Linky qui prennent feu !<\/p>\n\n\n\n<figure class=\"wp-block-image size-large\"><img loading=\"lazy\" decoding=\"async\" width=\"768\" height=\"1024\" src=\"https:\/\/blog.scani.fr\/wp-content\/uploads\/2020\/09\/image-768x1024.png\" alt=\"\" class=\"wp-image-509\" srcset=\"https:\/\/blog.scani.fr\/wp-content\/uploads\/2020\/09\/image-768x1024.png 768w, https:\/\/blog.scani.fr\/wp-content\/uploads\/2020\/09\/image-225x300.png 225w, https:\/\/blog.scani.fr\/wp-content\/uploads\/2020\/09\/image.png 960w\" sizes=\"auto, (max-width: 768px) 100vw, 768px\" \/><\/figure>\n\n\n\n<p>On profite de ce petit floril\u00e8ge pour remercier chaleureusement les \u00e9quipes d&rsquo;Enedis qui, quelle que soit la m\u00e9t\u00e9o, bossent sur le terrain de jour comme de nuit, la semaine comme le weekend, que ce soit pour 1000 personnes ou une seule.<\/p>\n\n\n\n<p>On regrette simplement de ne toujours pas avoir acc\u00e8s \u00e0 une base de donn\u00e9e temps r\u00e9el de ces travaux afin de faire appara\u00eetre ces informations sur nos cartes de supervision du r\u00e9seau pour gagner du temps (par exemple samedi : il n&rsquo;y avait aucun int\u00e9r\u00eat \u00e0 faire 60km de voiture pour aller chercher les cl\u00e9s d&rsquo;un pyl\u00f4ne qui \u00e9tait simplement \u00e9teint &#8230;)<\/p>\n","protected":false},"excerpt":{"rendered":"<p>Ce n&rsquo;est un secret pour personne, \u00ab\u00a0les emmerdes, \u00e7a vole toujours en escadrille\u00a0\u00bb. \u00c7a n&rsquo;a l&rsquo;air de rien comme \u00e7a, mais le r\u00e9seau de notre coop\u00e9rative, bien que redondant \u00e0 bien des endroits, est tout de m\u00eame fortement d\u00e9pendant de l&rsquo;\u00e9lectricit\u00e9. Un relais est \u00e9teint et c&rsquo;est tous les membres situ\u00e9s \u00ab\u00a0derri\u00e8re\u00a0\u00bb lui qui n&rsquo;ont [&hellip;]<\/p>\n","protected":false},"author":1,"featured_media":510,"comment_status":"open","ping_status":"open","sticky":false,"template":"","format":"standard","meta":{"footnotes":""},"categories":[7,9],"tags":[],"class_list":["post-508","post","type-post","status-publish","format-standard","has-post-thumbnail","hentry","category-amenagements","category-reseau"],"_links":{"self":[{"href":"https:\/\/blog.scani.fr\/index.php\/wp-json\/wp\/v2\/posts\/508","targetHints":{"allow":["GET"]}}],"collection":[{"href":"https:\/\/blog.scani.fr\/index.php\/wp-json\/wp\/v2\/posts"}],"about":[{"href":"https:\/\/blog.scani.fr\/index.php\/wp-json\/wp\/v2\/types\/post"}],"author":[{"embeddable":true,"href":"https:\/\/blog.scani.fr\/index.php\/wp-json\/wp\/v2\/users\/1"}],"replies":[{"embeddable":true,"href":"https:\/\/blog.scani.fr\/index.php\/wp-json\/wp\/v2\/comments?post=508"}],"version-history":[{"count":1,"href":"https:\/\/blog.scani.fr\/index.php\/wp-json\/wp\/v2\/posts\/508\/revisions"}],"predecessor-version":[{"id":511,"href":"https:\/\/blog.scani.fr\/index.php\/wp-json\/wp\/v2\/posts\/508\/revisions\/511"}],"wp:featuredmedia":[{"embeddable":true,"href":"https:\/\/blog.scani.fr\/index.php\/wp-json\/wp\/v2\/media\/510"}],"wp:attachment":[{"href":"https:\/\/blog.scani.fr\/index.php\/wp-json\/wp\/v2\/media?parent=508"}],"wp:term":[{"taxonomy":"category","embeddable":true,"href":"https:\/\/blog.scani.fr\/index.php\/wp-json\/wp\/v2\/categories?post=508"},{"taxonomy":"post_tag","embeddable":true,"href":"https:\/\/blog.scani.fr\/index.php\/wp-json\/wp\/v2\/tags?post=508"}],"curies":[{"name":"wp","href":"https:\/\/api.w.org\/{rel}","templated":true}]}}