{"id":492,"date":"2020-07-11T10:42:43","date_gmt":"2020-07-11T08:42:43","guid":{"rendered":"https:\/\/blog.scani.fr\/?p=492"},"modified":"2020-07-15T10:51:42","modified_gmt":"2020-07-15T08:51:42","slug":"premier-pylone-public-equipe","status":"publish","type":"post","link":"https:\/\/blog.scani.fr\/index.php\/2020\/07\/11\/premier-pylone-public-equipe\/","title":{"rendered":"Premier pyl\u00f4ne public \u00e9quip\u00e9"},"content":{"rendered":"\n<p>Dans le cadre du \u00ab\u00a0newdeal mobile\u00a0\u00bb, les quatre gros op\u00e9rateurs de t\u00e9l\u00e9phonie mobile en France ont obtenu le renouvellement d&rsquo;autorisation ou l&rsquo;attribution de nouvelles fr\u00e9quences de fa\u00e7on gratuite (un cadeau de quelques 3 milliards d&rsquo;euro) contre l&rsquo;engagement d&rsquo;aller (pour r\u00e9sumer) couvrir la pampa \u00e0 minima en 3G, id\u00e9alement en 4G.<\/p>\n\n\n\n<!--more-->\n\n\n\n<p>Dans notre d\u00e9partement, ce \u00ab\u00a0deal\u00a0\u00bb s&rsquo;est sold\u00e9 par la construction de 25 nouveaux pyl\u00f4nes (aux frais du contribuable) qui ont ensuite \u00e9t\u00e9 \u00e9quip\u00e9s (par Free au nord de l&rsquo;Yonne et Bouygues au sud et \u00e0 l&rsquo;ouest, de ce qu&rsquo;on sait) pour permettre de boucher un certain nombre de trous de couverture.<\/p>\n\n\n\n<p>On parle ici de t\u00e9l\u00e9phonie mobile, pas d&rsquo;internet fixe. La puissance publique paie le terrain, le pyl\u00f4ne et son installation, l&rsquo;op\u00e9rateur paie son mat\u00e9riel et son installation sur le pyl\u00f4ne et il n&rsquo;y a aucun co\u00fbt de location, chacun devant prendre soin de ses affaires.<\/p>\n\n\n\n<h2 class=\"wp-block-heading\">Plus haut, toujours plus haut<\/h2>\n\n\n\n<p>Lors du vote du budget relatif \u00e0 ces constructions (on parle quand m\u00eame en millions d&rsquo;euro pour 25 pyl\u00f4nes), quelques \u00e9lus de notre d\u00e9partement ont, \u00e0 juste titre, soulign\u00e9 qu&rsquo;investir autant d&rsquo;argent uniquement pour que 4 multinationales puissent vendre leurs services, c&rsquo;\u00e9tait un peu \u00ab\u00a0too much\u00a0\u00bb et que tant qu&rsquo;\u00e0 monter des pyl\u00f4nes, il faudrait veiller \u00e0 ce que (par exemple) notre petit op\u00e9rateur local puisse \u00e9galement y avoir acc\u00e8s (SCANI, donc).<\/p>\n\n\n\n<p>Avant avoir eu le temps de dire \u00ab\u00a0ouf\u00a0\u00bb, et sans que nous ayons \u00e9t\u00e9 consult\u00e9s, la d\u00e9cision est prise de rehausser tous les pyl\u00f4nes de plusieurs m\u00e8tres. De notre c\u00f4t\u00e9, on pr\u00e9f\u00e8re militer pour que tous les acteurs, petits comme gros, puissent utiliser ces infrastructures, mais beaucoup consid\u00e8rent que ces quelques m\u00e8tres en plus sont \u00ab\u00a0pour SCANI\u00a0\u00bb. Fort heureusement, nos antennes ne sont pas si grosses et 50 centim\u00e8tres suffisent amplement. \u00c7a laisse de la place pour les copains suivants !<\/p>\n\n\n\n<figure class=\"wp-block-image size-large\"><img loading=\"lazy\" decoding=\"async\" width=\"768\" height=\"1024\" src=\"https:\/\/blog.scani.fr\/wp-content\/uploads\/2020\/07\/dicy-768x1024.jpeg\" alt=\"\" class=\"wp-image-493\" srcset=\"https:\/\/blog.scani.fr\/wp-content\/uploads\/2020\/07\/dicy-768x1024.jpeg 768w, https:\/\/blog.scani.fr\/wp-content\/uploads\/2020\/07\/dicy-225x300.jpeg 225w, https:\/\/blog.scani.fr\/wp-content\/uploads\/2020\/07\/dicy-1152x1536.jpeg 1152w, https:\/\/blog.scani.fr\/wp-content\/uploads\/2020\/07\/dicy-1536x2048.jpeg 1536w, https:\/\/blog.scani.fr\/wp-content\/uploads\/2020\/07\/dicy-scaled.jpeg 1920w\" sizes=\"auto, (max-width: 768px) 100vw, 768px\" \/><\/figure>\n\n\n\n<p>D\u00e9but 2019, cette affaire de nouveaux pyl\u00f4nes et de rehausse fini par arriver \u00e0 nos oreilles. On notera qu&rsquo;au moment ou on \u00e9crit ces lignes (1 an 1\/2 plus tard, donc) on ne conna\u00eet pas la localisation pr\u00e9cise de la majorit\u00e9 de ces pyl\u00f4nes &#8230; Personne n&rsquo;a \u00e9t\u00e9 en mesure de nous fournir la liste.<\/p>\n\n\n\n<p>\u00c7a n&rsquo;a pas grande importance dans la mesure ou SCANI ne d\u00e9ploie du r\u00e9seau que l\u00e0 ou il y en a besoin. Si d&rsquo;aventure un membre rep\u00e9rait un de ces pyl\u00f4nes lors de ses promenades, on finirait bien par avoir l&rsquo;information.<\/p>\n\n\n\n<p>Revenons en \u00e0 d\u00e9but 2019. La mairie de la commune nouvelle de Charny Or\u00e9e de Puisaye nous indique 4 implantations, respectivement sur Villefranche, Chevillon, Dicy et Prunoy. 4 villages en manque criant de d\u00e9bit et proche de notre relais principal du secteur situ\u00e9 au sud de Charny. On se dirige donc vers l&rsquo;\u00e9quipement de ces 4 pyl\u00f4nes et on installe, au printemps 2019, deux premiers coffrets pr\u00e9vus pour accueillir notre petit mat\u00e9riel en bas des pyl\u00f4nes (\u00e0 droite sur la photo). On pr\u00e9pare l&rsquo;installation \u00e9lectrique et le c\u00e2blage et on laisse l&rsquo;arriv\u00e9e en attente sous le tableau \u00e9lectrique install\u00e9 par Bouygues (au centre sur la photo).<\/p>\n\n\n\n<figure class=\"wp-block-image size-large\"><img loading=\"lazy\" decoding=\"async\" width=\"1024\" height=\"768\" src=\"https:\/\/blog.scani.fr\/wp-content\/uploads\/2020\/07\/coffretelec-1024x768.jpeg\" alt=\"\" class=\"wp-image-495\" srcset=\"https:\/\/blog.scani.fr\/wp-content\/uploads\/2020\/07\/coffretelec-1024x768.jpeg 1024w, https:\/\/blog.scani.fr\/wp-content\/uploads\/2020\/07\/coffretelec-300x225.jpeg 300w, https:\/\/blog.scani.fr\/wp-content\/uploads\/2020\/07\/coffretelec-768x576.jpeg 768w, https:\/\/blog.scani.fr\/wp-content\/uploads\/2020\/07\/coffretelec-1536x1152.jpeg 1536w, https:\/\/blog.scani.fr\/wp-content\/uploads\/2020\/07\/coffretelec-2048x1536.jpeg 2048w\" sizes=\"auto, (max-width: 1024px) 100vw, 1024px\" \/><\/figure>\n\n\n\n<h2 class=\"wp-block-heading\">Pour le courant, on fait comment ?<\/h2>\n\n\n\n<p>S&rsquo;engage alors un chemin de croix pour arriver \u00e0 brancher ce c\u00e2ble : la solution la plus commune est que chaque op\u00e9rateur dispose de son propre compteur \u00e9lectrique, mais la perspective de plusieurs milliers d&rsquo;euro de mise en service et d&rsquo;un abonnement mensuel pour une consommation \u00e9quivalente \u00e0 celle d&rsquo;un frigo de camping car ne nous s\u00e9duit pas \u00e9norm\u00e9ment.<\/p>\n\n\n\n<p>On fini par parvenir \u00e0 convaincre Bouygues de nous laisser nous alimenter chez eux. C&rsquo;\u00e9tait \u00e0 la fin de l&rsquo;\u00e9t\u00e9 2019. Reste un tout petit d\u00e9tail : qui fait ce branchement ? Bien entendu, on sait faire, proprement et, sauf incident, sans coupure d&rsquo;alimentation, mais, s&rsquo;agissant de l&rsquo;installation d&rsquo;un autre op\u00e9rateur, on pr\u00e9f\u00e8re que ce soit quelqu&rsquo;un qui soit officiellement mandat\u00e9 par l&rsquo;op\u00e9rateur en question qui effectue l&rsquo;op\u00e9ration.<\/p>\n\n\n\n<p>A force de tergiversation et \u00e0 la fin du confinement, on fini par avoir un RDV pour mettre en service l&rsquo;\u00e9lectricit\u00e9 sur les 4 implantations. Rendez-vous qui se solde, pour r\u00e9sumer, par \u00ab\u00a0oh ben c&rsquo;est une cl\u00e9 standard pour le tableau \u00e9lectrique et y&rsquo;a des disjoncteurs en rabe d\u00e9j\u00e0 install\u00e9s, faites votre vie, vous avez pas l&rsquo;air d&rsquo;une bande de vandale\u00a0\u00bb.  Quasi un an d&rsquo;attente pour \u00e7a .. si on avait su, on se serait branch\u00e9s en septembre 2019.<\/p>\n\n\n\n<h2 class=\"wp-block-heading\">Pr\u00e9paration en amont<\/h2>\n\n\n\n<p>Qui dit nouveau relais, surtout \u00e0 cette hauteur, dit arriv\u00e9e potentielle de quelques nouveaux membres. Nous avons donc commenc\u00e9 par renforcer le r\u00e9seau en amont pour permettre d&rsquo;amener sur place un d\u00e9bit suffisant.<\/p>\n\n\n\n<p>L&rsquo;op\u00e9ration a consist\u00e9 \u00e0 changer deux antennes en haut du ch\u00e2teau d&rsquo;eau situ\u00e9 au sud de Charny. On remercie au passage la F\u00e9d\u00e9ration des Eaux de Puisaye pour leur prompte r\u00e9ponse et on s&rsquo;excuse pour les deux annulations de derni\u00e8re minute.<\/p>\n\n\n\n<figure class=\"wp-block-image size-large\"><img loading=\"lazy\" decoding=\"async\" width=\"1024\" height=\"768\" src=\"https:\/\/blog.scani.fr\/wp-content\/uploads\/2020\/07\/cdeoiseaux-1024x768.jpeg\" alt=\"\" class=\"wp-image-496\" srcset=\"https:\/\/blog.scani.fr\/wp-content\/uploads\/2020\/07\/cdeoiseaux-1024x768.jpeg 1024w, https:\/\/blog.scani.fr\/wp-content\/uploads\/2020\/07\/cdeoiseaux-300x225.jpeg 300w, https:\/\/blog.scani.fr\/wp-content\/uploads\/2020\/07\/cdeoiseaux-768x576.jpeg 768w, https:\/\/blog.scani.fr\/wp-content\/uploads\/2020\/07\/cdeoiseaux-1536x1152.jpeg 1536w, https:\/\/blog.scani.fr\/wp-content\/uploads\/2020\/07\/cdeoiseaux-2048x1536.jpeg 2048w\" sizes=\"auto, (max-width: 1024px) 100vw, 1024px\" \/><\/figure>\n\n\n\n<p>Cette op\u00e9ration permet le renfort de deux des trois liaison principales du secteur : <\/p>\n\n\n\n<ul class=\"wp-block-list\"><li>La primaire, ralliant la zone de Grandchamp ou nous disposons d&rsquo;une collecte fibre. C&rsquo;est par l\u00e0 que le trafic s&rsquo;\u00e9coule en temps normal<\/li><li>La secondaire, ralliant le plateau de Taingy ou nous disposons d&rsquo;une ligne VDSL de secours<\/li><li>La tertiaire, ralliant la zone du Val d&rsquo;Ocre, elle m\u00eame connect\u00e9e aux zones d&rsquo;Auxerre et de Joigny (toutes deux munies d&rsquo;une collecte fibre)<\/li><\/ul>\n\n\n\n<p>Plus tard, si le nouveau secteur couvert par les 4 fameux pyl\u00f4nes venait \u00e0 s&rsquo;\u00e9toffer, une antenne directionnelle d\u00e9di\u00e9e serait install\u00e9e sur ce ch\u00e2teau d&rsquo;eau et un plan (encore hypoth\u00e9tique) est possible pour relier directement l&rsquo;un des 4 pyl\u00f4nes \u00e0 la zone existante de Joigny<\/p>\n\n\n\n<h2 class=\"wp-block-heading\">Maintenant, il faut monter<\/h2>\n\n\n\n<p>Le jour J est arriv\u00e9, il va falloir grimper. \u00c7a n&rsquo;a l&rsquo;air de rien, 45 m\u00e8tres, mais sans nacelle, il faut non seulement monter le bonhomme mais aussi le peu de mat\u00e9riel dont il a besoin en haut. L&rsquo;antenne de r\u00e9ception (1kg), un routeur (1kg) et les 3 antennes d&rsquo;\u00e9mission (500 grammes chacune), de l&rsquo;eau, quelques outils &#8230; Mais surtout, les c\u00e2bles pour brancher tout \u00e7a en bas du pyl\u00f4ne.<\/p>\n\n\n\n<p>C&rsquo;est finalement \u00e7a qui est le plus lourd et le plus enquiquinant \u00e0 monter, le vent n&rsquo;aidant pas \u00e0 ce que tout reste bien droit et ne s\u2019emm\u00eale pas dans la quantit\u00e9 de lamelles et de boulons qui tra\u00eenent un peu partout dans le corps d&rsquo;un pyl\u00f4ne.<\/p>\n\n\n\n<figure class=\"wp-block-image size-large\"><img loading=\"lazy\" decoding=\"async\" width=\"768\" height=\"1024\" src=\"https:\/\/blog.scani.fr\/wp-content\/uploads\/2020\/07\/cablage-768x1024.jpeg\" alt=\"\" class=\"wp-image-497\" srcset=\"https:\/\/blog.scani.fr\/wp-content\/uploads\/2020\/07\/cablage-768x1024.jpeg 768w, https:\/\/blog.scani.fr\/wp-content\/uploads\/2020\/07\/cablage-225x300.jpeg 225w, https:\/\/blog.scani.fr\/wp-content\/uploads\/2020\/07\/cablage-1152x1536.jpeg 1152w, https:\/\/blog.scani.fr\/wp-content\/uploads\/2020\/07\/cablage-1536x2048.jpeg 1536w, https:\/\/blog.scani.fr\/wp-content\/uploads\/2020\/07\/cablage-scaled.jpeg 1920w\" sizes=\"auto, (max-width: 768px) 100vw, 768px\" \/><\/figure>\n\n\n\n<p>Et une fois le mat\u00e9riel install\u00e9 en haut, il faut descendre et fixer les c\u00e2bles aux lamelles pr\u00e9vues tout le long de l&rsquo;\u00e9chelle, sans oublier la petite photo souvenir :<\/p>\n\n\n\n<figure class=\"wp-block-image size-large\"><img loading=\"lazy\" decoding=\"async\" width=\"1024\" height=\"768\" src=\"https:\/\/blog.scani.fr\/wp-content\/uploads\/2020\/07\/contre-1024x768.jpeg\" alt=\"\" class=\"wp-image-498\" srcset=\"https:\/\/blog.scani.fr\/wp-content\/uploads\/2020\/07\/contre-1024x768.jpeg 1024w, https:\/\/blog.scani.fr\/wp-content\/uploads\/2020\/07\/contre-300x225.jpeg 300w, https:\/\/blog.scani.fr\/wp-content\/uploads\/2020\/07\/contre-768x576.jpeg 768w, https:\/\/blog.scani.fr\/wp-content\/uploads\/2020\/07\/contre-1536x1152.jpeg 1536w, https:\/\/blog.scani.fr\/wp-content\/uploads\/2020\/07\/contre-2048x1536.jpeg 2048w\" sizes=\"auto, (max-width: 1024px) 100vw, 1024px\" \/><\/figure>\n\n\n\n<p>C\u00f4t\u00e9 s\u00e9curit\u00e9, ces gros engins sont tout de m\u00eame forts sympathiques et embarquent, tout le long, un rail dans lequel on glisse un bloc anti-chute, lui m\u00eame accroch\u00e9 au bonhomme, qui ne risque donc rien d&rsquo;autre que de la fatigue :<\/p>\n\n\n\n<figure class=\"wp-block-image size-large\"><img loading=\"lazy\" decoding=\"async\" width=\"768\" height=\"1024\" src=\"https:\/\/blog.scani.fr\/wp-content\/uploads\/2020\/07\/soll-768x1024.jpeg\" alt=\"\" class=\"wp-image-499\" srcset=\"https:\/\/blog.scani.fr\/wp-content\/uploads\/2020\/07\/soll-768x1024.jpeg 768w, https:\/\/blog.scani.fr\/wp-content\/uploads\/2020\/07\/soll-225x300.jpeg 225w, https:\/\/blog.scani.fr\/wp-content\/uploads\/2020\/07\/soll-1152x1536.jpeg 1152w, https:\/\/blog.scani.fr\/wp-content\/uploads\/2020\/07\/soll-1536x2048.jpeg 1536w, https:\/\/blog.scani.fr\/wp-content\/uploads\/2020\/07\/soll-scaled.jpeg 1920w\" sizes=\"auto, (max-width: 768px) 100vw, 768px\" \/><\/figure>\n\n\n\n<p>La mise en s\u00e9curit\u00e9 de la personne qui monte est importante, mais une fois qu&rsquo;il est perch\u00e9, il ne faut pas que ceux qui sont en bas oublient que des objets peuvent d\u00e9gringoler. On a beau attacher ou ranger les outils au maximum, on a quand m\u00eame vu un m\u00e8tre et une boite en plastique faire le grand saut. Casque recommand\u00e9 ! <\/p>\n\n\n\n<figure class=\"wp-block-image size-large\"><img loading=\"lazy\" decoding=\"async\" width=\"768\" height=\"1024\" src=\"https:\/\/blog.scani.fr\/wp-content\/uploads\/2020\/07\/chutes-768x1024.jpeg\" alt=\"\" class=\"wp-image-500\" srcset=\"https:\/\/blog.scani.fr\/wp-content\/uploads\/2020\/07\/chutes-768x1024.jpeg 768w, https:\/\/blog.scani.fr\/wp-content\/uploads\/2020\/07\/chutes-225x300.jpeg 225w, https:\/\/blog.scani.fr\/wp-content\/uploads\/2020\/07\/chutes-1152x1536.jpeg 1152w, https:\/\/blog.scani.fr\/wp-content\/uploads\/2020\/07\/chutes-1536x2048.jpeg 1536w, https:\/\/blog.scani.fr\/wp-content\/uploads\/2020\/07\/chutes-scaled.jpeg 1920w\" sizes=\"auto, (max-width: 768px) 100vw, 768px\" \/><\/figure>\n\n\n\n<p>Ce n&rsquo;\u00e9tait pas le premier pyl\u00f4ne \u00e9quip\u00e9 par SCANI, mais c&rsquo;\u00e9tait le premier du \u00ab\u00a0newdeal mobile\u00a0\u00bb et c&rsquo;est quand m\u00eame chouette d&rsquo;avoir r\u00e9ussi, donc deuxi\u00e8me petite photo souvenir (qui donne une id\u00e9e de la taille de nos antennes)<\/p>\n\n\n\n<figure class=\"wp-block-image size-large\"><img loading=\"lazy\" decoding=\"async\" width=\"768\" height=\"1024\" src=\"https:\/\/blog.scani.fr\/wp-content\/uploads\/2020\/07\/y\u00e9content-768x1024.jpeg\" alt=\"\" class=\"wp-image-501\" srcset=\"https:\/\/blog.scani.fr\/wp-content\/uploads\/2020\/07\/y\u00e9content-768x1024.jpeg 768w, https:\/\/blog.scani.fr\/wp-content\/uploads\/2020\/07\/y\u00e9content-225x300.jpeg 225w, https:\/\/blog.scani.fr\/wp-content\/uploads\/2020\/07\/y\u00e9content.jpeg 960w\" sizes=\"auto, (max-width: 768px) 100vw, 768px\" \/><\/figure>\n\n\n\n<h2 class=\"wp-block-heading\">Remerciements<\/h2>\n\n\n\n<p>Ce nouveau relais n&rsquo;aurait pas \u00e9t\u00e9 possible sans :<\/p>\n\n\n\n<ul class=\"wp-block-list\"><li>l&rsquo;attention des \u00e9lus de notre d\u00e9partement qui ont d\u00e9fendu la possibilit\u00e9 pour les petits op\u00e9rateurs d&rsquo;acc\u00e9der \u00e0 ces \u00e9quipements publics (un merci particulier \u00e0 Nicolas et \u00e0 Thierry)<\/li><li>l&rsquo;accompagnement et les autorisations de la commune nouvelle de Charny Or\u00e9e de Puisaye (un merci particulier \u00e0 Michel)<\/li><li>la bienveillance de la F\u00e9d\u00e9ration des Eaux de Puisaye Forterre (la liste des mercis particuliers serait trop longue)<\/li><li>l&rsquo;autorisation de Bouygues pour se brancher sur leur TGBT pour alimenter notre relais (un merci particulier \u00e0 Thierry)<\/li><li>la pugnacit\u00e9 et l&rsquo;ent\u00eatement des locaux qui ont fait les rep\u00e9rages, la coordination, la logistique, les coups de fil, les relances, etc. (un merci particulier \u00e0 Morvan)<\/li><\/ul>\n\n\n\n<p>Plus que 3 pyl\u00f4nes avant d&rsquo;attaquer les 21 suivants ! \ud83d\ude42<\/p>\n","protected":false},"excerpt":{"rendered":"<p>Dans le cadre du \u00ab\u00a0newdeal mobile\u00a0\u00bb, les quatre gros op\u00e9rateurs de t\u00e9l\u00e9phonie mobile en France ont obtenu le renouvellement d&rsquo;autorisation ou l&rsquo;attribution de nouvelles fr\u00e9quences de fa\u00e7on gratuite (un cadeau de quelques 3 milliards d&rsquo;euro) contre l&rsquo;engagement d&rsquo;aller (pour r\u00e9sumer) couvrir la pampa \u00e0 minima en 3G, id\u00e9alement en 4G.<\/p>\n","protected":false},"author":1,"featured_media":494,"comment_status":"open","ping_status":"open","sticky":false,"template":"","format":"standard","meta":{"footnotes":""},"categories":[7,9],"tags":[],"class_list":["post-492","post","type-post","status-publish","format-standard","has-post-thumbnail","hentry","category-amenagements","category-reseau"],"_links":{"self":[{"href":"https:\/\/blog.scani.fr\/index.php\/wp-json\/wp\/v2\/posts\/492","targetHints":{"allow":["GET"]}}],"collection":[{"href":"https:\/\/blog.scani.fr\/index.php\/wp-json\/wp\/v2\/posts"}],"about":[{"href":"https:\/\/blog.scani.fr\/index.php\/wp-json\/wp\/v2\/types\/post"}],"author":[{"embeddable":true,"href":"https:\/\/blog.scani.fr\/index.php\/wp-json\/wp\/v2\/users\/1"}],"replies":[{"embeddable":true,"href":"https:\/\/blog.scani.fr\/index.php\/wp-json\/wp\/v2\/comments?post=492"}],"version-history":[{"count":2,"href":"https:\/\/blog.scani.fr\/index.php\/wp-json\/wp\/v2\/posts\/492\/revisions"}],"predecessor-version":[{"id":503,"href":"https:\/\/blog.scani.fr\/index.php\/wp-json\/wp\/v2\/posts\/492\/revisions\/503"}],"wp:featuredmedia":[{"embeddable":true,"href":"https:\/\/blog.scani.fr\/index.php\/wp-json\/wp\/v2\/media\/494"}],"wp:attachment":[{"href":"https:\/\/blog.scani.fr\/index.php\/wp-json\/wp\/v2\/media?parent=492"}],"wp:term":[{"taxonomy":"category","embeddable":true,"href":"https:\/\/blog.scani.fr\/index.php\/wp-json\/wp\/v2\/categories?post=492"},{"taxonomy":"post_tag","embeddable":true,"href":"https:\/\/blog.scani.fr\/index.php\/wp-json\/wp\/v2\/tags?post=492"}],"curies":[{"name":"wp","href":"https:\/\/api.w.org\/{rel}","templated":true}]}}