{"id":481,"date":"2020-04-29T18:24:03","date_gmt":"2020-04-29T16:24:03","guid":{"rendered":"https:\/\/blog.scani.fr\/?p=481"},"modified":"2020-04-29T19:36:14","modified_gmt":"2020-04-29T17:36:14","slug":"mobilisations-citoyennes","status":"publish","type":"post","link":"https:\/\/blog.scani.fr\/index.php\/2020\/04\/29\/mobilisations-citoyennes\/","title":{"rendered":"Mobilisations citoyennes"},"content":{"rendered":"\n<p>Depuis le d\u00e9but de la crise, l&rsquo;espace m\u00e9diatique est, dans sa grande majorit\u00e9, occup\u00e9 par les grandes d\u00e9clarations de nos gouvernants qui tentent, par tous les moyens possibles, d&rsquo;entretenir le mythe de l&rsquo;\u00e9tat providence et de rassurer du mieux qu&rsquo;ils peuvent l&rsquo;ensemble de la population.<\/p>\n\n\n\n<p>Dans le m\u00eame temps, des manques criants dans l&rsquo;organisation publique nationale sont apparus. On peut heureusement compter sur nos organisations plus locales, au premier rang desquels on trouve nos communes.<\/p>\n\n\n\n<!--more-->\n\n\n\n<p>La \u00ab\u00a0soci\u00e9t\u00e9 civile\u00a0\u00bb, mot de novlangue utilis\u00e9 depuis quelques ann\u00e9es pour d\u00e9signer tant\u00f4t les associations ou tant\u00f4t les individus, prend cette crise de plein fouet (et ce n&rsquo;est pas termin\u00e9) mais se mobilise du mieux qu&rsquo;elle peut, parfois avec la complicit\u00e9 de nos \u00e9lus locaux.<\/p>\n\n\n\n<p>En quelques semaines \u00e0 peine, et sans que ce panorama ne soit exhaustif (si vous avez d&rsquo;autres infos, n&rsquo;h\u00e9sitez pas \u00e0 les mentionner dans les commentaires), plusieurs initiatives sont n\u00e9es. Les actifs de SCANI participent \u00e0 l&rsquo;une ou plusieurs de ces initiatives, on vous en parle donc un peu :<\/p>\n\n\n\n<h2 class=\"wp-block-heading\">Makers 89 contre le Covid<\/h2>\n\n\n\n<p>\u00c0 l&rsquo;initiative du fablab des Beaux Boulons \u00e0 Auxerre, rapidement rejoint par le Maillet de Joigny et des makers du S\u00e9nonais et d&rsquo;un peu partout dans le d\u00e9partement, le collectif f\u00e9d\u00e8re aujourd&rsquo;hui une centaine d&rsquo;imprimantes 3D qui produisent en continu des visi\u00e8res de protection, des fixations pour masques, des syst\u00e8mes d&rsquo;ouverture de portes avec le coude, etc &#8230; <\/p>\n\n\n\n<figure class=\"wp-block-image size-large\"><img loading=\"lazy\" decoding=\"async\" width=\"720\" height=\"960\" src=\"https:\/\/blog.scani.fr\/wp-content\/uploads\/2020\/04\/95730092_10216662370533044_3893402031511044096_o.jpg\" alt=\"\" class=\"wp-image-483\" srcset=\"https:\/\/blog.scani.fr\/wp-content\/uploads\/2020\/04\/95730092_10216662370533044_3893402031511044096_o.jpg 720w, https:\/\/blog.scani.fr\/wp-content\/uploads\/2020\/04\/95730092_10216662370533044_3893402031511044096_o-225x300.jpg 225w\" sizes=\"auto, (max-width: 720px) 100vw, 720px\" \/><\/figure>\n\n\n\n<p>Apr\u00e8s que chacun ait \u00e9puis\u00e9 ses stocks personnels, une <a rel=\"noreferrer noopener\" href=\"https:\/\/www.helloasso.com\/associations\/atelier-des-beaux-boulons\/collectes\/makers-89-contre-le-covid-19\" target=\"_blank\">cagnotte helloasso<\/a> a permis les premi\u00e8res commandes de r\u00e9assort de mati\u00e8re premi\u00e8re, rapidement compl\u00e9t\u00e9e par une donation de la <a rel=\"noreferrer noopener\" href=\"https:\/\/www.fondation-free.fr\/\" target=\"_blank\">Fondation Free<\/a> de pr\u00e8s 200kg de fil pour les imprimantes 3D. La r\u00e9gion devrait \u00e9galement prendre en charge une partie des frais engag\u00e9s, mais la m\u00e9thode choisie est bien plus complexe et symptomatique des modes verticaux de fonctionnement (il faut d\u00e9nicher la facture, l&rsquo;envoyer \u00e0 un fablab \u00e0 l&rsquo;autre bout de la r\u00e9gion qui a re\u00e7u une subvention globale de la r\u00e9gion et qui est, si on a bien tout saisi, charg\u00e9 de la r\u00e9partir entre tous ceux qui ont engag\u00e9 des frais .. l&rsquo;histoire ne dit pas si un particulier pourra se faire rembourser directement)<\/p>\n\n\n\n<figure class=\"wp-block-image size-large\"><img loading=\"lazy\" decoding=\"async\" width=\"768\" height=\"1024\" src=\"https:\/\/blog.scani.fr\/wp-content\/uploads\/2020\/04\/index-768x1024.jpg\" alt=\"\" class=\"wp-image-482\" srcset=\"https:\/\/blog.scani.fr\/wp-content\/uploads\/2020\/04\/index-768x1024.jpg 768w, https:\/\/blog.scani.fr\/wp-content\/uploads\/2020\/04\/index-225x300.jpg 225w, https:\/\/blog.scani.fr\/wp-content\/uploads\/2020\/04\/index-1152x1536.jpg 1152w, https:\/\/blog.scani.fr\/wp-content\/uploads\/2020\/04\/index.jpg 1200w\" sizes=\"auto, (max-width: 768px) 100vw, 768px\" \/><\/figure>\n\n\n\n<p>A cette occasion, m\u00eame si la chose n&rsquo;est pas simple sans pouvoir se r\u00e9unir, nous avons rapidement mis en place une organisation qui fonctionne plut\u00f4t bien : <\/p>\n\n\n\n<ul class=\"wp-block-list\"><li>Le fabmanager Auxerrois se charge de la coordination g\u00e9n\u00e9rale et de tenir les comptes (pr\u00e8s de 4000 visi\u00e8res produites !)<\/li><li>Deux ou trois personnes, d\u00e9j\u00e0 amen\u00e9es \u00e0 se d\u00e9placer pour leur activit\u00e9 professionnelle, assurent le transport et la r\u00e9partition de la mati\u00e8re premi\u00e8re<\/li><li>Sur l&rsquo;Auxerrois, un bout de jardin (le d\u00e9sormais fameux \u00ab\u00a093\u00a0\u00bb) a \u00e9t\u00e9 am\u00e9nag\u00e9 avec une petite armoire de stockage, un parasol et du mat\u00e9riel de d\u00e9sinfection, permettant la r\u00e9cup\u00e9ration de mati\u00e8re premi\u00e8re et le d\u00e9p\u00f4t d&rsquo;objets par les makers<\/li><li>Pour une grande partie des EHPAD, la production de visi\u00e8res a \u00e9t\u00e9 centralis\u00e9e \u00e0 Toucy puis la redistribution a \u00e9t\u00e9 directement g\u00e9r\u00e9e en interne par les \u00e9tablissements<\/li><li>Un partenariat a \u00e9t\u00e9 nou\u00e9 avec un transporteur de mat\u00e9riel m\u00e9dical et les pharmacie, permettant de faire voyager les objets imprim\u00e9s partout dans le d\u00e9partement<\/li><li>&#8230;<\/li><\/ul>\n\n\n\n<h2 class=\"wp-block-heading\">La couture Jovinienne<\/h2>\n\n\n\n<p>A l&rsquo;initiative de la mairie de Joigny et de la communaut\u00e9 de commune du Jovinien, plus de 70 couturi\u00e8res et couturiers sont \u00e0 l\u2019\u0153uvre depuis 3 semaines pour produire des masques en tissus. La collectivit\u00e9 fourni le tissus et les \u00e9lastiques, les \u00e9lus se chargent de la distribution du tissus, du ramassage des masques et de la distribution.<\/p>\n\n\n\n<p>Un centre de couture, \u00e9quip\u00e9 en machines, a \u00e9t\u00e9 cr\u00e9e en respectant les distances de s\u00e9curit\u00e9 et accueil les personnes non \u00e9quip\u00e9es \u00e0 domicile mais qui savent utiliser les machines \u00e0 coudre.<\/p>\n\n\n\n<figure class=\"wp-block-image size-large\"><img loading=\"lazy\" decoding=\"async\" width=\"768\" height=\"1024\" src=\"https:\/\/blog.scani.fr\/wp-content\/uploads\/2020\/04\/photo_2020-04-29_16-59-42-768x1024.jpg\" alt=\"\" class=\"wp-image-484\" srcset=\"https:\/\/blog.scani.fr\/wp-content\/uploads\/2020\/04\/photo_2020-04-29_16-59-42-768x1024.jpg 768w, https:\/\/blog.scani.fr\/wp-content\/uploads\/2020\/04\/photo_2020-04-29_16-59-42-225x300.jpg 225w, https:\/\/blog.scani.fr\/wp-content\/uploads\/2020\/04\/photo_2020-04-29_16-59-42.jpg 960w\" sizes=\"auto, (max-width: 768px) 100vw, 768px\" \/><\/figure>\n\n\n\n<h2 class=\"wp-block-heading\">Services num\u00e9riques locaux<\/h2>\n\n\n\n<p>On parle beaucoup de la n\u00e9cessit\u00e9 de relocaliser une partie de la production des biens et services dont nous avons besoin au quotidien. La crise actuelle a mis en \u00e9vidence une trop grande interd\u00e9pendance des continents, des pays et m\u00eame parfois des r\u00e9gions ou des d\u00e9partements.<\/p>\n\n\n\n<p>S&rsquo;il semble \u00e9vident qu&rsquo;il faudra, \u00e0 l&rsquo;avenir, assurer les capacit\u00e9 de production de m\u00e9dicament et de mat\u00e9riel, beaucoup semblent se reposer sur internet comme si c&rsquo;\u00e9tait un acquis infaillible et qui sera toujours disponible.<\/p>\n\n\n\n<p>Pour remettre les choses en perspective, Youtube a f\u00eat\u00e9 son 15e anniversaire le mois dernier, Gmail n&rsquo;existait pas lors de la pr\u00e9sidentielle de 2002, si Zoom (c\u00e9l\u00e8bre service de communication vid\u00e9o en ligne) \u00e9tait humain, il rentrerait en CE1 en septembre prochain et si la l\u00e9gende dit qu&rsquo;Internet a \u00e9t\u00e9 con\u00e7u par l&rsquo;arm\u00e9e am\u00e9ricaine pour r\u00e9sister \u00e0 une guerre nucl\u00e9aire, la r\u00e9alit\u00e9 est qu&rsquo;il s&rsquo;agit d&rsquo;un r\u00e9seau principalement financ\u00e9 et maintenu par des entreprises priv\u00e9es dont l&rsquo;objectif premier, malgr\u00e9 ce qu&rsquo;en disent leurs publicit\u00e9s, est le profit financier.<\/p>\n\n\n\n<p>D\u00e8s lors, il semble curieux qu&rsquo;on fasse reposer la quasi totalit\u00e9 de nos interactions sociales et nos activit\u00e9s \u00e9conomiques et citoyennes sur ce seul outil sans se poser un minimum de questions.<\/p>\n\n\n\n<p>La principale question tient en quelques mots : \u00ab\u00a0si demain tel service dispara\u00eet d&rsquo;internet (parce qu&rsquo;il n&rsquo;est plus rentable) ou que la connexion au r\u00e9seau est tout simplement impossible (parce que l&rsquo;op\u00e9rateur charg\u00e9 d&rsquo;entretenir le r\u00e9seau fait d\u00e9faut), que se passe-t-il ?\u00a0\u00bb. <\/p>\n\n\n\n<p>Les r\u00e9ponses sont beaucoup moins \u00e9videntes \u00e0 apporter, mais pour amoindrir l&rsquo;impact de ce type d&rsquo;incident, SCANI, d\u00e9ploie son un r\u00e9seau Icaunais depuis 7 ans en s&rsquo;assurant qu&rsquo;il soit une propri\u00e9t\u00e9 collective (tant qu&rsquo;il y aura des membres et de l&rsquo;\u00e9lectricit\u00e9, le r\u00e9seau devrait continuer \u00e0 fonctionner).<\/p>\n\n\n\n<p>Nous avons, depuis le d\u00e9but de la crise, mis en place, avec, entre autre, la complicit\u00e9 de <a rel=\"noreferrer noopener\" href=\"https:\/\/www.felin-asso.org\/\" target=\"_blank\">F.E.L.I.N<\/a> et l&rsquo;aide de la <a rel=\"noreferrer noopener\" href=\"http:\/\/www.ccjovinien.fr\/\" target=\"_blank\">CCJ<\/a>, une plateforme d&rsquo;h\u00e9bergement de services et d\u00e9ploie des outils de conf\u00e9rence audio et vid\u00e9o, de discussion en ligne, d&rsquo;h\u00e9bergement de fichiers et de vid\u00e9os, d&rsquo;organisation, de prise de note, etc. <\/p>\n\n\n\n<p>L&rsquo;ensemble de ces outils sont rassembl\u00e9s sur le portail <a rel=\"noreferrer noopener\" href=\"https:\/\/jovinien-solidaire.labdispak.fr\/\" target=\"_blank\">Jovinien-Solidaire<\/a>.<\/p>\n\n\n\n<h2 class=\"wp-block-heading\">Et demain ?<\/h2>\n\n\n\n<p>Comme on dit, \u00ab\u00a0c&rsquo;est \u00e0 la fin du festival qu&rsquo;on compte les bouses\u00a0\u00bb. En r\u00e9alit\u00e9, on en a d\u00e9j\u00e0 aper\u00e7u quelques unes : le d\u00e9labrement de l&rsquo;h\u00f4pital public, plus de la moiti\u00e9 du secteur priv\u00e9 au ch\u00f4mage partiel, les retraits massifs de l&rsquo;assurance vie qui vont mettre l&rsquo;\u00e9tat en difficult\u00e9 d&rsquo;ici quelques semaines. La suite sera, de l&rsquo;avis de quelques sp\u00e9cialistes encore trop peu \u00e9cout\u00e9s, bien pire.<\/p>\n\n\n\n<p>Il y a 7 ans, quelques fadas, ignorant que c&rsquo;\u00e9tait impossible, ont fond\u00e9 un fabricant d&rsquo;acc\u00e8s \u00e0 internet associatif. Ce FAI est devenu SCANI. Des ann\u00e9es, des mois, des jours, des heures  innombrables pass\u00e9es \u00e0 connecter l&rsquo;Yonne avec une obsession en t\u00eate : faire qu&rsquo;ici (et ailleurs), internet soit \u00e9lev\u00e9 au rang qu&rsquo;il m\u00e9rite : celui de commun.<\/p>\n\n\n\n<p>Nous ne sommes pas seuls, et \u00e7a fait chaud au c\u0153ur chaque jour. Les communs, sacrifi\u00e9s sur les autels de la mondialisation et de la consommation, sont toujours en vie et se d\u00e9veloppent \u00e0 tous les niveaux, dans toutes les strates de la soci\u00e9t\u00e9 et dans toutes les activit\u00e9s.<\/p>\n\n\n\n<p>Pour les d\u00e9fenseurs et faiseurs des communs, les r\u00e9cents \u00e9v\u00e8nements sont \u00e0 la fois une \u00e9preuve et une formidable chance de faire la preuve que ce mod\u00e8le de soci\u00e9t\u00e9 non seulement fait sens, mais est r\u00e9silient et pertinent.<\/p>\n\n\n\n<p>Certains d&rsquo;entre nous travaillent litt\u00e9ralement 18 heures par jour depuis mi-mars. \u00c0 organiser la communication entre les collectifs, \u00e0 rassembler du mat\u00e9riel, \u00e0 d\u00e9nicher des mati\u00e8res premi\u00e8res, \u00e0 venir en aide \u00e0 nos soignants, \u00e0 accompagner ceux qui ont du mal avec les outils num\u00e9riques, ou \u00e0 proposer leur aide l\u00e0 ou elle est n\u00e9cessaire tout simplement.<\/p>\n\n\n\n<p>Cet investissement spontan\u00e9 est impressionnant : en temps normal, ces personnes et ces collectifs sont souvent rel\u00e9gu\u00e9s au second rang. L&rsquo;\u00e9conomie est plus importante, c&rsquo;est elle qui prime, et si possible l&rsquo;\u00e9conomie de gros sous. Et quand l&rsquo;\u00e9conomie s&rsquo;arr\u00eate, que reste-t-il ? <\/p>\n\n\n\n<ul class=\"wp-block-list\"><li>Les services publics \u00e0 bout de souffle, d\u00e9j\u00e0 quasiment en mort c\u00e9r\u00e9brale apr\u00e8s des d\u00e9cennies de casse m\u00e9ticuleusement organis\u00e9e ;<\/li><li>la passion du monde associatif et coop\u00e9ratif qui ne fonde pas son activit\u00e9 sur l&rsquo;argent roi.<\/li><\/ul>\n\n\n\n<p>Est-ce suffisant pour amortir les chocs \u00e0 venir ? Certainement pas. Mais comment mettre plus de gens en mouvement ? Que faire avec quelqu&rsquo;un qui propose son aide mais \u00e0 qui on ne sait r\u00e9pondre que \u00ab\u00a0euhhh ben viens, int\u00e9resse toi, et trouve toi m\u00eame \u00e0 quoi tu peux te rendre utile !\u00a0\u00bb ? Quels sont les domaines qu&rsquo;il faudrait collectivement consid\u00e9rer comme prioritaires et dans lesquels toute notre \u00e9nergie disponible devrait \u00eatre investie ? Ce sont encore beaucoup de questions et elles sont passablement d\u00e9primantes.<\/p>\n\n\n\n<p>On se console en se disant que le monde a d&rsquo;autres choses \u00e0 penser aujourd&rsquo;hui, mais on a tout de m\u00eame l&rsquo;impression qu&rsquo;il y a urgence. Que si ce n&rsquo;est pas maintenant qu&rsquo;on arrive \u00e0 faire comprendre l&rsquo;importance de s&rsquo;investir personnellement et localement, on n&rsquo;y parviendra jamais.<\/p>\n\n\n\n<p>Mais comme on n&rsquo;est pas du genre \u00e0 se laisser abattre, on se lance dans une id\u00e9e un peu folle : quitte \u00e0 \u00eatre l\u00e0 en attendant une probable seconde vague et un nouveau confinement, on va profiter du temps lib\u00e9r\u00e9 pour favoriser l&rsquo;\u00e9change de comp\u00e9tences. Vous voulez apprendre et\/ou transmettre ce que vous savez ? Vous avez un micro sur votre ordinateur et, id\u00e9alement, une cam\u00e9ra ? Envoyez un mail \u00e0 formation@scani.fr en pr\u00e9cisant vos sujets de pr\u00e9dilection (\u00e0 la fois dans ce que vous voudriez apprendre et ce que vous voudriez transmettre).<\/p>\n\n\n\n<p>Pas de sujets impos\u00e9s. On risque bien entendu de parler d&rsquo;informatique et de r\u00e9seau, mais on voudrait aussi parler culture (de l&rsquo;esprit et du sol), de musique, &#8230;<\/p>\n\n\n\n<p>Le ministre de l&rsquo;\u00e9ducation nationale veut une nation apprenante ? Prenons-le au pied de la lettre, apprenons \u00e0 nous conna\u00eetre et \u00e0 travailler ensemble \u00e0 am\u00e9liorer (pour ne pas dire \u00ab\u00a0rendre moins pire\u00a0\u00bb) nos avenirs communs.<\/p>\n\n\n\n<p>Et d\u00e8s qu&rsquo;on pourra de nouveau se r\u00e9unir, on ira plus vite, puisqu&rsquo;on se sera d\u00e9j\u00e0 apprivois\u00e9s !<\/p>\n","protected":false},"excerpt":{"rendered":"<p>Depuis le d\u00e9but de la crise, l&rsquo;espace m\u00e9diatique est, dans sa grande majorit\u00e9, occup\u00e9 par les grandes d\u00e9clarations de nos gouvernants qui tentent, par tous les moyens possibles, d&rsquo;entretenir le mythe de l&rsquo;\u00e9tat providence et de rassurer du mieux qu&rsquo;ils peuvent l&rsquo;ensemble de la population. Dans le m\u00eame temps, des manques criants dans l&rsquo;organisation publique [&hellip;]<\/p>\n","protected":false},"author":1,"featured_media":142,"comment_status":"open","ping_status":"open","sticky":false,"template":"","format":"standard","meta":{"footnotes":""},"categories":[3],"tags":[],"class_list":["post-481","post","type-post","status-publish","format-standard","has-post-thumbnail","hentry","category-cooperatif"],"_links":{"self":[{"href":"https:\/\/blog.scani.fr\/index.php\/wp-json\/wp\/v2\/posts\/481","targetHints":{"allow":["GET"]}}],"collection":[{"href":"https:\/\/blog.scani.fr\/index.php\/wp-json\/wp\/v2\/posts"}],"about":[{"href":"https:\/\/blog.scani.fr\/index.php\/wp-json\/wp\/v2\/types\/post"}],"author":[{"embeddable":true,"href":"https:\/\/blog.scani.fr\/index.php\/wp-json\/wp\/v2\/users\/1"}],"replies":[{"embeddable":true,"href":"https:\/\/blog.scani.fr\/index.php\/wp-json\/wp\/v2\/comments?post=481"}],"version-history":[{"count":2,"href":"https:\/\/blog.scani.fr\/index.php\/wp-json\/wp\/v2\/posts\/481\/revisions"}],"predecessor-version":[{"id":487,"href":"https:\/\/blog.scani.fr\/index.php\/wp-json\/wp\/v2\/posts\/481\/revisions\/487"}],"wp:featuredmedia":[{"embeddable":true,"href":"https:\/\/blog.scani.fr\/index.php\/wp-json\/wp\/v2\/media\/142"}],"wp:attachment":[{"href":"https:\/\/blog.scani.fr\/index.php\/wp-json\/wp\/v2\/media?parent=481"}],"wp:term":[{"taxonomy":"category","embeddable":true,"href":"https:\/\/blog.scani.fr\/index.php\/wp-json\/wp\/v2\/categories?post=481"},{"taxonomy":"post_tag","embeddable":true,"href":"https:\/\/blog.scani.fr\/index.php\/wp-json\/wp\/v2\/tags?post=481"}],"curies":[{"name":"wp","href":"https:\/\/api.w.org\/{rel}","templated":true}]}}