{"id":424,"date":"2020-01-03T16:13:01","date_gmt":"2020-01-03T15:13:01","guid":{"rendered":"https:\/\/blog.scani.fr\/?p=424"},"modified":"2020-01-03T16:13:57","modified_gmt":"2020-01-03T15:13:57","slug":"a-la-chasse-au-probleme","status":"publish","type":"post","link":"https:\/\/blog.scani.fr\/index.php\/2020\/01\/03\/a-la-chasse-au-probleme\/","title":{"rendered":"\u00c0 la chasse au probl\u00e8me"},"content":{"rendered":"\n<p>Aux alentours de no\u00ebl, quelques habitants des hameaux de Precy sur Vrin ont commenc\u00e9 \u00e0 rencontrer des baisses significatives de d\u00e9bit. Arriv\u00e9e de nouveaux objets connect\u00e9s ou bien engouement pour le surf sur internet en cette p\u00e9riode de f\u00eate ? Que n\u00e9ni, nous avons un probl\u00e8me sur un lien radio du r\u00e9seau. Et vu la chute sur la courbe, ce n&rsquo;est pas un petit probl\u00e8me : <\/p>\n\n\n\n<!--more-->\n\n\n\n<figure class=\"wp-block-image size-large\"><img loading=\"lazy\" decoding=\"async\" width=\"1024\" height=\"227\" src=\"https:\/\/blog.scani.fr\/wp-content\/uploads\/2020\/01\/ENWmTAbWwAAtaYR-1024x227.jpg\" alt=\"\" class=\"wp-image-426\" srcset=\"https:\/\/blog.scani.fr\/wp-content\/uploads\/2020\/01\/ENWmTAbWwAAtaYR-1024x227.jpg 1024w, https:\/\/blog.scani.fr\/wp-content\/uploads\/2020\/01\/ENWmTAbWwAAtaYR-300x67.jpg 300w, https:\/\/blog.scani.fr\/wp-content\/uploads\/2020\/01\/ENWmTAbWwAAtaYR-768x170.jpg 768w, https:\/\/blog.scani.fr\/wp-content\/uploads\/2020\/01\/ENWmTAbWwAAtaYR-1536x341.jpg 1536w, https:\/\/blog.scani.fr\/wp-content\/uploads\/2020\/01\/ENWmTAbWwAAtaYR.jpg 1541w\" sizes=\"auto, (max-width: 1024px) 100vw, 1024px\" \/><\/figure>\n\n\n\n<p>On d\u00e9couvre donc en prime que \u00e7a ne date pas d&rsquo;hier et que la situation a connu deux chutes cons\u00e9quentes d\u00e9but octobre et d\u00e9but novembre. <\/p>\n\n\n\n<p>Apr\u00e8s avoir tent\u00e9 de jouer avec les fr\u00e9quences et autres configurations faisables \u00e0 distance, il faut se rendre \u00e0 l&rsquo;\u00e9vidence, il y a soit un probl\u00e8me de mat\u00e9riel, soit une antenne qui bouge, soit un obstacle qui pousse entre les deux. Il faut donc aller enqu\u00eater sur place, ce que nous avons fait ce vendredi 3 janvier apr\u00e8s-midi. Pour vous souhaiter la bonne ann\u00e9e, petit reportage sur le terrain !<\/p>\n\n\n\n<p>Le lien relie un poteau (photo en t\u00eate d&rsquo;article, install\u00e9 en bordure de route \u00e0 un endroit strat\u00e9gique pour prolonger le r\u00e9seau) \u00e0 un immeuble situ\u00e9 non loin d&rsquo;une de nos arriv\u00e9e fibre : <\/p>\n\n\n\n<figure class=\"wp-block-image size-large\"><img loading=\"lazy\" decoding=\"async\" width=\"768\" height=\"1024\" src=\"https:\/\/blog.scani.fr\/wp-content\/uploads\/2020\/01\/ENWqj4MWwAEL-Fy.jpg\" alt=\"\" class=\"wp-image-428\" srcset=\"https:\/\/blog.scani.fr\/wp-content\/uploads\/2020\/01\/ENWqj4MWwAEL-Fy.jpg 768w, https:\/\/blog.scani.fr\/wp-content\/uploads\/2020\/01\/ENWqj4MWwAEL-Fy-225x300.jpg 225w\" sizes=\"auto, (max-width: 768px) 100vw, 768px\" \/><\/figure>\n\n\n\n<p>Comme on n&rsquo;aime pas trop grimper sur des tours juste pour v\u00e9rifier si une antenne est d\u00e9sax\u00e9e, on profite de l&rsquo;occasion pour amener avec nous un peu de mat\u00e9riel de remplacement. <\/p>\n\n\n\n<p>Les antennes d\u00e9ploy\u00e9es il y a 2 ou 3 ans sont r\u00e9guli\u00e8rement au maxi de leur utilisation, on va donc monter un cran au dessus, puisqu&rsquo;il y a suffisamment de membres au bout pour justifier l&rsquo;investissement dans du nouveau mat\u00e9riel.<\/p>\n\n\n\n<figure class=\"wp-block-image size-large\"><img loading=\"lazy\" decoding=\"async\" width=\"768\" height=\"1024\" src=\"https:\/\/blog.scani.fr\/wp-content\/uploads\/2020\/01\/ENWrPSkWkAAcdCJ-768x1024.jpg\" alt=\"\" class=\"wp-image-429\" srcset=\"https:\/\/blog.scani.fr\/wp-content\/uploads\/2020\/01\/ENWrPSkWkAAcdCJ-768x1024.jpg 768w, https:\/\/blog.scani.fr\/wp-content\/uploads\/2020\/01\/ENWrPSkWkAAcdCJ-225x300.jpg 225w, https:\/\/blog.scani.fr\/wp-content\/uploads\/2020\/01\/ENWrPSkWkAAcdCJ-1152x1536.jpg 1152w, https:\/\/blog.scani.fr\/wp-content\/uploads\/2020\/01\/ENWrPSkWkAAcdCJ.jpg 1536w\" sizes=\"auto, (max-width: 768px) 100vw, 768px\" \/><\/figure>\n\n\n\n<p>L&rsquo;acc\u00e8s au toit de ce b\u00e2timent est relativement simple et nous y sommes en quelques minutes. Voil\u00e0 l&rsquo;installation \u00e0 notre arriv\u00e9e, pas de soucis apparent : <\/p>\n\n\n\n<figure class=\"wp-block-image size-large\"><img loading=\"lazy\" decoding=\"async\" width=\"768\" height=\"1024\" src=\"https:\/\/blog.scani.fr\/wp-content\/uploads\/2020\/01\/ENWtflkXsAEpNfI-768x1024.jpg\" alt=\"\" class=\"wp-image-430\" srcset=\"https:\/\/blog.scani.fr\/wp-content\/uploads\/2020\/01\/ENWtflkXsAEpNfI-768x1024.jpg 768w, https:\/\/blog.scani.fr\/wp-content\/uploads\/2020\/01\/ENWtflkXsAEpNfI-225x300.jpg 225w, https:\/\/blog.scani.fr\/wp-content\/uploads\/2020\/01\/ENWtflkXsAEpNfI-1152x1536.jpg 1152w, https:\/\/blog.scani.fr\/wp-content\/uploads\/2020\/01\/ENWtflkXsAEpNfI.jpg 1536w\" sizes=\"auto, (max-width: 768px) 100vw, 768px\" \/><\/figure>\n\n\n\n<p>Le nouveau mat\u00e9riel avait \u00e9t\u00e9 mont\u00e9 et configur\u00e9 ce matin, en pr\u00e9vision de l&rsquo;intervention et pour gagner du temps (rien de plus d\u00e9sagr\u00e9able que de perdre un boulon sur un toit en gravier ou de devoir passer 1h \u00e0 taper au clavier). Le remplacement des antennes a donc pris une dizaine de minutes pour arriver \u00e0 \u00e7a :<\/p>\n\n\n\n<figure class=\"wp-block-image size-large\"><img loading=\"lazy\" decoding=\"async\" width=\"768\" height=\"1024\" src=\"https:\/\/blog.scani.fr\/wp-content\/uploads\/2020\/01\/get_photo-768x1024.jpg\" alt=\"\" class=\"wp-image-431\" srcset=\"https:\/\/blog.scani.fr\/wp-content\/uploads\/2020\/01\/get_photo-768x1024.jpg 768w, https:\/\/blog.scani.fr\/wp-content\/uploads\/2020\/01\/get_photo-225x300.jpg 225w, https:\/\/blog.scani.fr\/wp-content\/uploads\/2020\/01\/get_photo-1152x1536.jpg 1152w, https:\/\/blog.scani.fr\/wp-content\/uploads\/2020\/01\/get_photo-1536x2048.jpg 1536w, https:\/\/blog.scani.fr\/wp-content\/uploads\/2020\/01\/get_photo-scaled.jpg 1920w\" sizes=\"auto, (max-width: 768px) 100vw, 768px\" \/><\/figure>\n\n\n\n<p>L&rsquo;int\u00e9r\u00eat des nouvelles antennes install\u00e9es est que la t\u00eate d&rsquo;\u00e9mission est totalement isol\u00e9e dans un car\u00e9nage en m\u00e9tal, \u00e9vitant ainsi de recevoir des perturbations par l&rsquo;arri\u00e8re ou les c\u00f4t\u00e9s (et, par la m\u00eame, d&rsquo;\u00e9mettre des ondes dans ces directions qui pourraient perturber d&rsquo;autres antennes ailleurs). Bref, c&rsquo;est mieux !<\/p>\n\n\n\n<p>Les anciennes seront r\u00e9utilis\u00e9es dans des endroits moins urbains ou les perturbations sont moindres.<\/p>\n\n\n\n<p>Une fois la modification effectu\u00e9e, il faut se rendre \u00e0 l&rsquo;\u00e9vidence, m\u00eame si on a gagn\u00e9 un peu de d\u00e9bit, on est loin de ce qu&rsquo;on avait cet \u00e9t\u00e9. Le probl\u00e8me doit donc se situer de l&rsquo;autre c\u00f4t\u00e9 ou entre les deux.<\/p>\n\n\n\n<p>Apr\u00e8s avoir regard\u00e9 avec attention le poteau en face, on se demande si l&rsquo;antenne situ\u00e9e tout en haut ne pique pas un peu du nez (ce qui arrive parfois vu le nombre de syst\u00e8me de fixation en jeu). <\/p>\n\n\n\n<p>Au moment de vouloir aller la redresser, on se rend compte que le poteau bouge \u00e9norm\u00e9ment \u00e0 sa base lorsqu&rsquo;on appuie dessus. Hors de question d&rsquo;y monter \u00e0 l&rsquo;\u00e9chelle, donc.<\/p>\n\n\n\n<p>On s\u2019aper\u00e7oit aussi que l&rsquo;antenne, en plus de piquer du nez, ne pointe pas du tout dans la bonne direction. Une seule possibilit\u00e9 donc : le poteau a tourn\u00e9. Il va donc falloir le stabiliser et trouver un moyen de remettre l&rsquo;antenne d&rsquo;en haut dans la bonne direction.<\/p>\n\n\n\n<p>Ne pouvant y acc\u00e9der sans une nacelle, on d\u00e9cide donc d&rsquo;ajouter une autre antenne au plus haut possible sans prendre de risques et de la brancher \u00e0 la place de celle d&rsquo;en haut. On voit bien sur cette photo l&rsquo;ampleur de la rotation du poteau en regardant l&rsquo;antenne du haut et celle situ\u00e9e au niveau du haut de l&rsquo;\u00e9chelle : <\/p>\n\n\n\n<figure class=\"wp-block-image size-large\"><img loading=\"lazy\" decoding=\"async\" width=\"768\" height=\"1024\" src=\"https:\/\/blog.scani.fr\/wp-content\/uploads\/2020\/01\/ENXNlU8WsAEekKb-768x1024.jpg\" alt=\"\" class=\"wp-image-432\" srcset=\"https:\/\/blog.scani.fr\/wp-content\/uploads\/2020\/01\/ENXNlU8WsAEekKb-768x1024.jpg 768w, https:\/\/blog.scani.fr\/wp-content\/uploads\/2020\/01\/ENXNlU8WsAEekKb-225x300.jpg 225w, https:\/\/blog.scani.fr\/wp-content\/uploads\/2020\/01\/ENXNlU8WsAEekKb-1152x1536.jpg 1152w, https:\/\/blog.scani.fr\/wp-content\/uploads\/2020\/01\/ENXNlU8WsAEekKb.jpg 1536w\" sizes=\"auto, (max-width: 768px) 100vw, 768px\" \/><\/figure>\n\n\n\n<p>Et voil\u00e0 que \u00e7a va tout de suite beaucoup mieux comme en t\u00e9moigne la supervision du lien indiquant le d\u00e9bit th\u00e9orique maximum :<\/p>\n\n\n\n<figure class=\"wp-block-image size-large\"><img loading=\"lazy\" decoding=\"async\" width=\"621\" height=\"282\" src=\"https:\/\/blog.scani.fr\/wp-content\/uploads\/2020\/01\/ENXNx6TWsAA4714.png\" alt=\"\" class=\"wp-image-433\" srcset=\"https:\/\/blog.scani.fr\/wp-content\/uploads\/2020\/01\/ENXNx6TWsAA4714.png 621w, https:\/\/blog.scani.fr\/wp-content\/uploads\/2020\/01\/ENXNx6TWsAA4714-300x136.png 300w\" sizes=\"auto, (max-width: 621px) 100vw, 621px\" \/><\/figure>\n\n\n\n<p>L&rsquo;\u00e9tape suivante dans la r\u00e9solution compl\u00e8te du probl\u00e8me sera d&rsquo;assurer la stabilisation du poteau, probablement avec un ferraillage et une petite dalle b\u00e9ton au pied, op\u00e9ration qui sera effectu\u00e9e par les membres locaux de la coop\u00e9rative d&rsquo;ici le printemps.<\/p>\n","protected":false},"excerpt":{"rendered":"<p>Aux alentours de no\u00ebl, quelques habitants des hameaux de Precy sur Vrin ont commenc\u00e9 \u00e0 rencontrer des baisses significatives de d\u00e9bit. Arriv\u00e9e de nouveaux objets connect\u00e9s ou bien engouement pour le surf sur internet en cette p\u00e9riode de f\u00eate ? Que n\u00e9ni, nous avons un probl\u00e8me sur un lien radio du r\u00e9seau. Et vu la [&hellip;]<\/p>\n","protected":false},"author":1,"featured_media":427,"comment_status":"open","ping_status":"open","sticky":false,"template":"","format":"standard","meta":{"footnotes":""},"categories":[9,4],"tags":[],"class_list":["post-424","post","type-post","status-publish","format-standard","has-post-thumbnail","hentry","category-reseau","category-technique"],"_links":{"self":[{"href":"https:\/\/blog.scani.fr\/index.php\/wp-json\/wp\/v2\/posts\/424","targetHints":{"allow":["GET"]}}],"collection":[{"href":"https:\/\/blog.scani.fr\/index.php\/wp-json\/wp\/v2\/posts"}],"about":[{"href":"https:\/\/blog.scani.fr\/index.php\/wp-json\/wp\/v2\/types\/post"}],"author":[{"embeddable":true,"href":"https:\/\/blog.scani.fr\/index.php\/wp-json\/wp\/v2\/users\/1"}],"replies":[{"embeddable":true,"href":"https:\/\/blog.scani.fr\/index.php\/wp-json\/wp\/v2\/comments?post=424"}],"version-history":[{"count":4,"href":"https:\/\/blog.scani.fr\/index.php\/wp-json\/wp\/v2\/posts\/424\/revisions"}],"predecessor-version":[{"id":436,"href":"https:\/\/blog.scani.fr\/index.php\/wp-json\/wp\/v2\/posts\/424\/revisions\/436"}],"wp:featuredmedia":[{"embeddable":true,"href":"https:\/\/blog.scani.fr\/index.php\/wp-json\/wp\/v2\/media\/427"}],"wp:attachment":[{"href":"https:\/\/blog.scani.fr\/index.php\/wp-json\/wp\/v2\/media?parent=424"}],"wp:term":[{"taxonomy":"category","embeddable":true,"href":"https:\/\/blog.scani.fr\/index.php\/wp-json\/wp\/v2\/categories?post=424"},{"taxonomy":"post_tag","embeddable":true,"href":"https:\/\/blog.scani.fr\/index.php\/wp-json\/wp\/v2\/tags?post=424"}],"curies":[{"name":"wp","href":"https:\/\/api.w.org\/{rel}","templated":true}]}}