{"id":25,"date":"2018-06-02T12:53:08","date_gmt":"2018-06-02T10:53:08","guid":{"rendered":"https:\/\/blog.scani.fr\/?p=25"},"modified":"2018-06-03T18:34:36","modified_gmt":"2018-06-03T16:34:36","slug":"premiers-deploiements-secteur-theil-sur-vanne","status":"publish","type":"post","link":"https:\/\/blog.scani.fr\/index.php\/2018\/06\/02\/premiers-deploiements-secteur-theil-sur-vanne\/","title":{"rendered":"Premiers d\u00e9ploiements secteur Theil-sur-Vanne"},"content":{"rendered":"<p>Vendredi 1er juin 2018 ont eu lieu les premiers d\u00e9ploiements radio dans le secteur de Theil-sur-Vanne.<\/p>\n<p>Ce nouveau segment de r\u00e9seau est construit au d\u00e9part d&rsquo;une ligne VDSL d&rsquo;une capacit\u00e9 de 100Mbps situ\u00e9e \u00e0 la mairie de Theil. Nous avions d\u00e9j\u00e0 install\u00e9, en 2017, une infrastructure wifi public sur la place principale.<\/p>\n<p>Cette op\u00e9ration, pr\u00e9par\u00e9e de longue date, a mobilis\u00e9 trois actifs de SCANI, plusieurs \u00e9lus locaux et un employ\u00e9 communal. De m\u00e9moire de d\u00e9ploiement, nous n&rsquo;avons jamais connu, depuis 2012, une journ\u00e9e aussi bien pr\u00e9par\u00e9e. Nous avons d\u00e9ploy\u00e9 9 antennes en une seule journ\u00e9e :<!--more--><\/p>\n<ul>\n<li>Un relais sur l&rsquo;\u00e9glise de Theil, un bras de d\u00e9port ayant \u00e9t\u00e9 pr\u00e9par\u00e9 par les employ\u00e9s communaux<\/li>\n<li>Un relais sur un poteau \u00e9galement plant\u00e9 par la commune sur la route menant \u00e0 Vareilles avec une longue tranch\u00e9e permettant d&rsquo;alimenter le relais<\/li>\n<li>Un acc\u00e8s wifi public et une connexion priv\u00e9e pour l&rsquo;usage de la mairie \u00e0 Vareilles<\/li>\n<li>Un relais sur l&rsquo;\u00e9glise de Chigy<\/li>\n<\/ul>\n<p>Les prochaines journ\u00e9es de d\u00e9ploiement seront consacr\u00e9es \u00e0 l&rsquo;alimentation des divers points que la mairie souhaite voir connect\u00e9s \u00e0 Vareilles et \u00e0 Chigy, nous pourrons ensuite commencer \u00e0 d\u00e9ployer de futurs membres sur le secteur.<\/p>\n","protected":false},"excerpt":{"rendered":"<p>Vendredi 1er juin 2018 ont eu lieu les premiers d\u00e9ploiements radio dans le secteur de Theil-sur-Vanne. Ce nouveau segment de r\u00e9seau est construit au d\u00e9part d&rsquo;une ligne VDSL d&rsquo;une capacit\u00e9 de 100Mbps situ\u00e9e \u00e0 la mairie de Theil. Nous avions d\u00e9j\u00e0 install\u00e9, en 2017, une infrastructure wifi public sur la place principale. Cette op\u00e9ration, pr\u00e9par\u00e9e [&hellip;]<\/p>\n","protected":false},"author":1,"featured_media":30,"comment_status":"open","ping_status":"open","sticky":false,"template":"","format":"standard","meta":{"footnotes":""},"categories":[4],"tags":[],"class_list":["post-25","post","type-post","status-publish","format-standard","has-post-thumbnail","hentry","category-technique"],"_links":{"self":[{"href":"https:\/\/blog.scani.fr\/index.php\/wp-json\/wp\/v2\/posts\/25","targetHints":{"allow":["GET"]}}],"collection":[{"href":"https:\/\/blog.scani.fr\/index.php\/wp-json\/wp\/v2\/posts"}],"about":[{"href":"https:\/\/blog.scani.fr\/index.php\/wp-json\/wp\/v2\/types\/post"}],"author":[{"embeddable":true,"href":"https:\/\/blog.scani.fr\/index.php\/wp-json\/wp\/v2\/users\/1"}],"replies":[{"embeddable":true,"href":"https:\/\/blog.scani.fr\/index.php\/wp-json\/wp\/v2\/comments?post=25"}],"version-history":[{"count":3,"href":"https:\/\/blog.scani.fr\/index.php\/wp-json\/wp\/v2\/posts\/25\/revisions"}],"predecessor-version":[{"id":57,"href":"https:\/\/blog.scani.fr\/index.php\/wp-json\/wp\/v2\/posts\/25\/revisions\/57"}],"wp:featuredmedia":[{"embeddable":true,"href":"https:\/\/blog.scani.fr\/index.php\/wp-json\/wp\/v2\/media\/30"}],"wp:attachment":[{"href":"https:\/\/blog.scani.fr\/index.php\/wp-json\/wp\/v2\/media?parent=25"}],"wp:term":[{"taxonomy":"category","embeddable":true,"href":"https:\/\/blog.scani.fr\/index.php\/wp-json\/wp\/v2\/categories?post=25"},{"taxonomy":"post_tag","embeddable":true,"href":"https:\/\/blog.scani.fr\/index.php\/wp-json\/wp\/v2\/tags?post=25"}],"curies":[{"name":"wp","href":"https:\/\/api.w.org\/{rel}","templated":true}]}}