{"id":227,"date":"2019-02-09T12:10:40","date_gmt":"2019-02-09T11:10:40","guid":{"rendered":"https:\/\/blog.scani.fr\/?p=227"},"modified":"2019-02-14T10:56:04","modified_gmt":"2019-02-14T09:56:04","slug":"ftth-v-s-med","status":"publish","type":"post","link":"https:\/\/blog.scani.fr\/index.php\/2019\/02\/09\/ftth-v-s-med\/","title":{"rendered":"FTTH v.s. MeD"},"content":{"rendered":"\n<p>Ce jeudi 7 f\u00e9vrier se r\u00e9unissait la commission d&rsquo;am\u00e9nagement num\u00e9rique de la CC Serein Armance. SCANI souhaite apporter quelques pr\u00e9cisions et exprimer divers avis et questions \u00e0 la lecture du compte rendu.<\/p>\n\n\n\n<!--more-->\n\n\n\n<p>Quelques pr\u00e9cisions d&rsquo;acronymes pour nos lecteurs perdus : FTTH \u00ab\u00a0Fiber To The Home\u00a0\u00bb consiste \u00e0 amener une fibre optique jusqu&rsquo;aux domiciles des abonn\u00e9s. Pour faire \u00e7a, il faut poser de nouveaux c\u00e2bles partout, jusque dans chaque habitation. La MeD \u00ab\u00a0Mont\u00e9e en D\u00e9bit\u00a0\u00bb (parfois aussi appel\u00e9e PRM, \u00ab\u00a0Point de Raccordement Mutualis\u00e9\u00a0\u00bb) consiste \u00e0 amener 6 fibres jusqu&rsquo;au dernier point de r\u00e9partition du r\u00e9seau d&rsquo;Orange et de leur demander (\u00e0 Orange) d&rsquo;y raccorder les anciennes lignes t\u00e9l\u00e9phoniques existantes. Les lignes deviennent plus courtes et le d\u00e9bit de l&rsquo;ADSL est am\u00e9lior\u00e9.<\/p>\n\n\n\n<p>Le FTTH permet d&rsquo;envisager des d\u00e9bits de l&rsquo;ordre de 1000Mbps pour l&rsquo;ensemble des lignes. La MeD permet d&rsquo;obtenir, dans un rayon de 100 m\u00e8tres autour de la zone de travaux, des d\u00e9bits de l&rsquo;ordre de 70Mbps, mais elle s&rsquo;essouffle tr\u00e8s vite (moins de 20Mbps apr\u00e8s 1km, moins de 3 apr\u00e8s 4km)<\/p>\n\n\n\n<p>Revenons sur le compte rendu de la r\u00e9union de la CCSA : il est en effet regrettable que les d\u00e9lais annonc\u00e9s ne soient pas tenus, mais il faudra s&rsquo;y habituer, c&rsquo;est monnaie courante. Cet \u00e9tat de fait d\u00e9coule directement des choix politiques au niveau national et europ\u00e9en. Ces erreurs sont particuli\u00e8rement criantes dans l&rsquo;Yonne, comme le souligne la commission : Orange s&rsquo;est \u00ab\u00a0accapar\u00e9\u00a0\u00bb le march\u00e9 sur Sens et l&rsquo;Auxerrois.<\/p>\n\n\n\n<p>Mais il ne faut en rien regretter que l&rsquo;investissement priv\u00e9 n&rsquo;aille pas plus loin. Le r\u00e9seau est un sujet trop s\u00e9rieux pour \u00eatre laiss\u00e9 aux seules mains du priv\u00e9. <\/p>\n\n\n\n<p>De meilleurs choix politiques nationaux auraient pu contraindre \u00e0 une p\u00e9r\u00e9quation financi\u00e8re, obligeant les op\u00e9rateurs d\u00e9ployant des r\u00e9seaux en propre dans les zones dense \u00e0 financer les d\u00e9ploiements dans les zones moins denses, mais ce combat semble bien loin de nos jours. Il nous semblait toute fois utile de l&rsquo;\u00e9voquer.<\/p>\n\n\n\n<p>Pour continuer \u00e0 parler d&rsquo;argent, la commission souligne \u00e0 plusieurs reprise que le poids financier qui p\u00e8se sur la collectivit\u00e9 est lourd \u00e0 porter. Il nous semblerait utile, s&rsquo;agissant d&rsquo;investissement, que la CC Serein &amp; Armance questionne le d\u00e9partement, propri\u00e9taire du r\u00e9seau, sur le tarif de location des lignes FTTH qui sera appliqu\u00e9 aux op\u00e9rateurs et, donc, sur les montants que l&rsquo;investissement produira en fonction du taux d&rsquo;adoption, afin d&rsquo;estimer la dur\u00e9e potentielle du retour sur investissement.<\/p>\n\n\n\n<p>La commission regrette que certaines op\u00e9rations de mont\u00e9e en d\u00e9bit aient \u00e9t\u00e9 annul\u00e9es, augmentant donc le d\u00e9lai avant lequel les citoyens pourront b\u00e9n\u00e9ficier d&rsquo;un meilleur d\u00e9bit. Nous concernant, nous consid\u00e9rons que la mont\u00e9e en d\u00e9bit est une h\u00e9r\u00e9sie. Contrairement au r\u00e9seau FTTH, propri\u00e9t\u00e9 publique, la mont\u00e9e en d\u00e9bit consiste \u00e0 subventionner Orange pour lui faire am\u00e9liorer son propre r\u00e9seau et \u00e0 son seul b\u00e9n\u00e9fice. Si on ajoute \u00e0 cet \u00e9tat de fait que les clients des op\u00e9rateurs concurrents d&rsquo;Orange et concern\u00e9s par cette mont\u00e9e en d\u00e9bit seront \u00ab\u00a0regroup\u00e9s\u00a0\u00bb et perdront donc fort probablement l&rsquo;acc\u00e8s \u00e0 certains services, on se demande bien pourquoi tant d&rsquo;argent public y est investi.<\/p>\n\n\n\n<p>Un petit calcul rapide, si on prend en compte le budget global de l&rsquo;am\u00e9nagement num\u00e9rique dans l&rsquo;Yonne, les communaut\u00e9s de communes sont mises \u00e0 contribution pour environ 20%. La contribution de la CCSA s&rsquo;\u00e9l\u00e8ve \u00e0 45720 \u20ac pour la mont\u00e9e en d\u00e9bit de Germigny. On peut donc tabler sur un investissement public global de 230k\u20ac. Le sous-r\u00e9partiteur de Germigny concern\u00e9s par ce montant compte un peu plus de 300 lignes. Nous avons donc une subvention publique \u00e0 Orange de 750 \u20ac par ligne.<\/p>\n\n\n\n<p>750 \u20ac par ligne, \u00e0 fonds perdus. Dans des endroits ou la commission demande, \u00e0 juste titre, que la mont\u00e9e en d\u00e9bit n&rsquo;entrave pas le d\u00e9ploiement du FTTH, et ou il faudra donc r\u00e9investir rapidement pour amener la fibre. Fibre qui rapportera de l&rsquo;argent chaque mois dans les caisses publiques pour un montant global probablement \u00e9quivalent, voir plus faible.<\/p>\n\n\n\n<p>Pourquoi cet argent n&rsquo;a-t-il pas \u00e9t\u00e9, d\u00e8s 2011, lors de la r\u00e9daction du premier sch\u00e9ma directeur d\u00e9partemental, affect\u00e9 au d\u00e9ploiement du FTTH ?<\/p>\n\n\n\n<p>Pourquoi a-t-on d\u00fb attendre 2018 pour que les premi\u00e8res dalles b\u00e9ton du r\u00e9seau fibre de l&rsquo;Yonne soient coul\u00e9es ?<\/p>\n\n\n\n<p>Sans critiquer le choix fait de confier \u00e0 Orange la r\u00e9alisation et l&rsquo;exploitation du r\u00e9seau FTTH, qui s&rsquo;est souci\u00e9 de savoir si d&rsquo;autres op\u00e9rateurs pourraient (ou simplement souhaiterai) venir exploiter le-dit r\u00e9seau ?<\/p>\n\n\n\n<p>Doit-on appliquer l&rsquo;adage \u00ab\u00a0cherche \u00e0 qui le crime profite\u00a0\u00bb ?<\/p>\n\n\n\n<p>SCANI tient enfin \u00e0 remercier la CCSA pour avoir mentionner l&rsquo;existence de notre coop\u00e9rative et s&rsquo;excuse aupr\u00e8s de ceux qui auraient pu \u00eatre froiss\u00e9s par le pr\u00e9sent billet ou \u00e0 d&rsquo;autres occasions. A toute fins utiles, nous sommes \u00e0 la disposition des \u00e9lus qui souhaiterai mieux comprendre l&rsquo;univers des r\u00e9seaux et d&rsquo;internet.<\/p>\n","protected":false},"excerpt":{"rendered":"<p>Ce jeudi 7 f\u00e9vrier se r\u00e9unissait la commission d&rsquo;am\u00e9nagement num\u00e9rique de la CC Serein Armance. SCANI souhaite apporter quelques pr\u00e9cisions et exprimer divers avis et questions \u00e0 la lecture du compte rendu.<\/p>\n","protected":false},"author":1,"featured_media":232,"comment_status":"open","ping_status":"open","sticky":false,"template":"","format":"standard","meta":{"footnotes":""},"categories":[7,6,2],"tags":[],"class_list":["post-227","post","type-post","status-publish","format-standard","has-post-thumbnail","hentry","category-amenagements","category-finances","category-reglementation"],"_links":{"self":[{"href":"https:\/\/blog.scani.fr\/index.php\/wp-json\/wp\/v2\/posts\/227","targetHints":{"allow":["GET"]}}],"collection":[{"href":"https:\/\/blog.scani.fr\/index.php\/wp-json\/wp\/v2\/posts"}],"about":[{"href":"https:\/\/blog.scani.fr\/index.php\/wp-json\/wp\/v2\/types\/post"}],"author":[{"embeddable":true,"href":"https:\/\/blog.scani.fr\/index.php\/wp-json\/wp\/v2\/users\/1"}],"replies":[{"embeddable":true,"href":"https:\/\/blog.scani.fr\/index.php\/wp-json\/wp\/v2\/comments?post=227"}],"version-history":[{"count":5,"href":"https:\/\/blog.scani.fr\/index.php\/wp-json\/wp\/v2\/posts\/227\/revisions"}],"predecessor-version":[{"id":235,"href":"https:\/\/blog.scani.fr\/index.php\/wp-json\/wp\/v2\/posts\/227\/revisions\/235"}],"wp:featuredmedia":[{"embeddable":true,"href":"https:\/\/blog.scani.fr\/index.php\/wp-json\/wp\/v2\/media\/232"}],"wp:attachment":[{"href":"https:\/\/blog.scani.fr\/index.php\/wp-json\/wp\/v2\/media?parent=227"}],"wp:term":[{"taxonomy":"category","embeddable":true,"href":"https:\/\/blog.scani.fr\/index.php\/wp-json\/wp\/v2\/categories?post=227"},{"taxonomy":"post_tag","embeddable":true,"href":"https:\/\/blog.scani.fr\/index.php\/wp-json\/wp\/v2\/tags?post=227"}],"curies":[{"name":"wp","href":"https:\/\/api.w.org\/{rel}","templated":true}]}}