{"id":140,"date":"2018-07-24T11:04:03","date_gmt":"2018-07-24T09:04:03","guid":{"rendered":"https:\/\/blog.scani.fr\/?p=140"},"modified":"2018-07-24T11:04:03","modified_gmt":"2018-07-24T09:04:03","slug":"accessibilite-des-boucles-locales-optiques","status":"publish","type":"post","link":"https:\/\/blog.scani.fr\/index.php\/2018\/07\/24\/accessibilite-des-boucles-locales-optiques\/","title":{"rendered":"Accessibilit\u00e9 des boucles locales optiques"},"content":{"rendered":"<p>Il y a une grosse quinzaine d&rsquo;ann\u00e9es, l&rsquo;ADSL a connu son grand boum. Ce succ\u00e8s, et les innovations qui sont venues avec, sont en partie due au d\u00e9groupage, action consistant, pour un op\u00e9rateur concurrent d&rsquo;Orange, \u00e0 installer ses propres \u00e9quipements dans les centraux t\u00e9l\u00e9phoniques. Mais avant de d\u00e9grouper, et dans les zones ou on ne peut ou veut pas le faire, il faut une base minimum d&rsquo;utilisateurs sur son r\u00e9seau.<!--more--><\/p>\n<p>Pour favoriser tout ceci, il a \u00e9t\u00e9 assez rapidement d\u00e9cid\u00e9 d&rsquo;imposer \u00e0 Orange la commercialisation d&rsquo;offres dites \u00ab\u00a0activ\u00e9es\u00a0\u00bb ou \u00ab\u00a0bitstream\u00a0\u00bb. En tr\u00e8s gros, l&rsquo;op\u00e9rateur dominant se charge de la partie \u00ab\u00a0distribution\u00a0\u00bb du r\u00e9seau en allant jusque chez les utilisateurs finaux, et l&rsquo;op\u00e9rateur r\u00e9colte tout le trafic de fa\u00e7on r\u00e9gionale ou nationale. La contrepartie de ne pas avoir \u00e0 installer de nombreux \u00e9quipements un peu partout est un prix par ligne bien plus \u00e9lev\u00e9 : \u00ab\u00a0tout le monde s&rsquo;y retrouve\u00a0\u00bb.<\/p>\n<p>Sur le march\u00e9 de la fibre optique, tout semble diff\u00e9rent. Lorsqu&rsquo;un op\u00e9rateur a choisi d&rsquo;investir sur ses fonds propres dans une zone (comme \u00e0 Sens ou Auxerre dans l&rsquo;Yonne) ou a \u00e9t\u00e9 choisi par la puissance publique pour construire le r\u00e9seau (comme partout ailleurs dans l&rsquo;Yonne), il n&rsquo;a qu&rsquo;une obligation : permettre \u00e0 d&rsquo;autres op\u00e9rateurs d&rsquo;exploiter le r\u00e9seau, mais ceci n&rsquo;oblige pas \u00e0 fournir une offre activ\u00e9e. Du coup, un op\u00e9rateur qui souhaiterai exploiter ce r\u00e9seau est dans l&rsquo;obligation de d\u00e9ployer des \u00e9quipements dans chaque central optique et dans chaque point de mutualisation.<\/p>\n<p>A l&rsquo;occasion du projet de loi ELAN (\u00c9volution du Logement, de l&rsquo;Am\u00e9nagement et du Num\u00e9rique), Patrick Chaize a port\u00e9 <a href=\"http:\/\/www.senat.fr\/amendements\/textes\/2017-2018\/631.html#AMELI_SUB_4__Article_64_ter\" target=\"_blank\" rel=\"noopener\">l&rsquo;article 64ter<\/a> apportant une modification au CPCE (Code des Postes et des Communications \u00c9lectroniques) visant \u00e0 contraindre les exploitants de r\u00e9seaux \u00e0 proposer des offres activ\u00e9es. Cet article fait l&rsquo;objet du d\u00e9p\u00f4t <a href=\"http:\/\/www.senat.fr\/amendements\/2017-2018\/631\/Amdt_1075.html\" target=\"_blank\" rel=\"noopener\">d&rsquo;un amendement du gouvernement<\/a> visant \u00e0 le supprimer purement et simplement au motif qu&rsquo;il mettrait en difficult\u00e9 les op\u00e9rateurs ayant r\u00e9alis\u00e9 l&rsquo;investissement ce qui est un non-sens, le succ\u00e8s du d\u00e9veloppement de l&rsquo;ADSL en \u00e9tant le meilleur exemple.<\/p>\n<p>Vous pouvez <a href=\"https:\/\/www.ffdn.org\/fr\/communique\/2018-07-23\/la-federation-fdn-soutient-lamendement-chaize-qui-encourage-les-offres\" target=\"_blank\" rel=\"noopener\">retrouver par ici<\/a> le communiqu\u00e9 de presse de notre f\u00e9d\u00e9ration. SCANI soutient globalement cette initiative. La coop\u00e9rative souhaiterai pouvoir, surtout dans le cadre du d\u00e9ploiement public en dehors de Sens et Auxerre, proposer des offres sur le r\u00e9seau fibre construit avec l&rsquo;argent de nos imp\u00f4ts voir, si c&rsquo;est jug\u00e9 opportun par l&rsquo;ensemble des parties prenantes, b\u00e2tir, au d\u00e9part de ce r\u00e9seau, les extensions n\u00e9cessaires pour aller couvrir les hameaux et habitations isol\u00e9es qui ne font pas partie du plan de d\u00e9ploiement. Malheureusement, le choix a \u00e9t\u00e9 fait de ne pas proposer d&rsquo;offres activ\u00e9es sur ce r\u00e9seau en cours de construction. Cette \u00e9volution l\u00e9gislative serait de nature \u00e0 faciliter l&rsquo;acc\u00e8s \u00e0 cette boucle locale optique.<\/p>\n","protected":false},"excerpt":{"rendered":"<p>Il y a une grosse quinzaine d&rsquo;ann\u00e9es, l&rsquo;ADSL a connu son grand boum. Ce succ\u00e8s, et les innovations qui sont venues avec, sont en partie due au d\u00e9groupage, action consistant, pour un op\u00e9rateur concurrent d&rsquo;Orange, \u00e0 installer ses propres \u00e9quipements dans les centraux t\u00e9l\u00e9phoniques. Mais avant de d\u00e9grouper, et dans les zones ou on ne [&hellip;]<\/p>\n","protected":false},"author":1,"featured_media":142,"comment_status":"open","ping_status":"open","sticky":false,"template":"","format":"standard","meta":{"footnotes":""},"categories":[2],"tags":[],"class_list":["post-140","post","type-post","status-publish","format-standard","has-post-thumbnail","hentry","category-reglementation"],"_links":{"self":[{"href":"https:\/\/blog.scani.fr\/index.php\/wp-json\/wp\/v2\/posts\/140","targetHints":{"allow":["GET"]}}],"collection":[{"href":"https:\/\/blog.scani.fr\/index.php\/wp-json\/wp\/v2\/posts"}],"about":[{"href":"https:\/\/blog.scani.fr\/index.php\/wp-json\/wp\/v2\/types\/post"}],"author":[{"embeddable":true,"href":"https:\/\/blog.scani.fr\/index.php\/wp-json\/wp\/v2\/users\/1"}],"replies":[{"embeddable":true,"href":"https:\/\/blog.scani.fr\/index.php\/wp-json\/wp\/v2\/comments?post=140"}],"version-history":[{"count":2,"href":"https:\/\/blog.scani.fr\/index.php\/wp-json\/wp\/v2\/posts\/140\/revisions"}],"predecessor-version":[{"id":143,"href":"https:\/\/blog.scani.fr\/index.php\/wp-json\/wp\/v2\/posts\/140\/revisions\/143"}],"wp:featuredmedia":[{"embeddable":true,"href":"https:\/\/blog.scani.fr\/index.php\/wp-json\/wp\/v2\/media\/142"}],"wp:attachment":[{"href":"https:\/\/blog.scani.fr\/index.php\/wp-json\/wp\/v2\/media?parent=140"}],"wp:term":[{"taxonomy":"category","embeddable":true,"href":"https:\/\/blog.scani.fr\/index.php\/wp-json\/wp\/v2\/categories?post=140"},{"taxonomy":"post_tag","embeddable":true,"href":"https:\/\/blog.scani.fr\/index.php\/wp-json\/wp\/v2\/tags?post=140"}],"curies":[{"name":"wp","href":"https:\/\/api.w.org\/{rel}","templated":true}]}}