{"id":132,"date":"2018-07-23T10:20:34","date_gmt":"2018-07-23T08:20:34","guid":{"rendered":"https:\/\/blog.scani.fr\/?p=132"},"modified":"2018-07-23T10:21:04","modified_gmt":"2018-07-23T08:21:04","slug":"ralentissements-sur-la-partie-sud-du-reseau","status":"publish","type":"post","link":"https:\/\/blog.scani.fr\/index.php\/2018\/07\/23\/ralentissements-sur-la-partie-sud-du-reseau\/","title":{"rendered":"Ralentissements sur la partie sud du r\u00e9seau"},"content":{"rendered":"<p>Une panne de l&rsquo;un des liens utilis\u00e9s par SCANI est l&rsquo;occasion de faire un billet qui explique comment fonctionne le r\u00e9seau de la coop\u00e9rative et de montrer ce qu&rsquo;on peut apprendre avec quelques outils simples.<!--more--><\/p>\n<p>Jeudi dernier, le 19 juillet, le lien principal de Taingy est tomb\u00e9 en rade vers 13h20. Le site de Taingy est actuellement le collecteur principal du trafic provenant des secteurs de Grandchamp, Charny et Andryes (en plus du trafic des villages et hameaux autour de Taingy). Celui-ci dispose d&rsquo;une sortie \u00ab\u00a0de secours\u00a0\u00bb via un pont radio entre Taingy et Pourrain, qui poursuit ensuite sa route vers Auxerre puis la fibre allant jusqu&rsquo;au coeur de r\u00e9seau Parisien via Dijon et Lyon (oui, c&rsquo;est long)<\/p>\n<p><strong>Un peu de culture du r\u00e9seau SCANI<\/strong><\/p>\n<p>Tout ceci est visible sur la carte de supervision du r\u00e9seau (dans le milieu, on parle d&rsquo;une \u00ab\u00a0weathermap\u00a0\u00bb) :<\/p>\n<p><img loading=\"lazy\" decoding=\"async\" class=\"alignnone size-large wp-image-134\" src=\"https:\/\/blog.scani.fr\/wp-content\/uploads\/2018\/07\/weathermap-1024x676.jpg\" alt=\"\" width=\"750\" height=\"495\" srcset=\"https:\/\/blog.scani.fr\/wp-content\/uploads\/2018\/07\/weathermap-1024x676.jpg 1024w, https:\/\/blog.scani.fr\/wp-content\/uploads\/2018\/07\/weathermap-300x198.jpg 300w, https:\/\/blog.scani.fr\/wp-content\/uploads\/2018\/07\/weathermap-768x507.jpg 768w, https:\/\/blog.scani.fr\/wp-content\/uploads\/2018\/07\/weathermap.jpg 1200w\" sizes=\"auto, (max-width: 750px) 100vw, 750px\" \/><\/p>\n<p>Sur cette carte, Taingy, le lieu de la panne, est not\u00e9 \u00ab\u00a0F1ZAV\u00a0\u00bb (en bas \u00e0 droite). On y voit clairement le trafic passer par POUR (Pourrain) plut\u00f4t que de remonter tout en haut au milieu via CORE L2TP (le concentrateur de trafic situ\u00e9 \u00e0 Paris).<\/p>\n<p>Le lien Taingy &#8211; Pourrain est long (pr\u00e8s de 18km) et ne permet pas d&rsquo;absorber l&rsquo;int\u00e9gralit\u00e9 du trafic g\u00e9n\u00e9r\u00e9 par Charny, Grandchamp et Andryes. C&rsquo;est tout de m\u00eame mieux qu&rsquo;une coupure franche.<\/p>\n<p>Il existe une 3e route de sortie \u00e0 Taingy vers un concentrateur secondaire situ\u00e9 \u00e0 Joigny (KERNEL sur la carte), mais il \u00e9tait, malgr\u00e9 le fait qu&rsquo;un autre op\u00e9rateur soit utilis\u00e9, \u00e9galement en panne.<\/p>\n<p><strong>Mais alors, que s&rsquo;est-il pass\u00e9 ?<\/strong><\/p>\n<p>Eh bien on ne sait pas r\u00e9ellement, mais voici les conjectures qui ont pu \u00eatre r\u00e9alis\u00e9es gr\u00e2ce \u00e0 diff\u00e9rents sites. \u00c0 peu pr\u00e8s au m\u00eame moment que la panne, deux centraux t\u00e9l\u00e9phoniques d&rsquo;Orange ont disparu des radars, comme en t\u00e9moignent <a href=\"https:\/\/www.free-reseau.fr\/archives\/2018-07-19\/lig89\" target=\"_blank\" rel=\"noopener\">les suivis effectu\u00e9s par Free-Reseau<\/a> (celui de Taingy n&rsquo;\u00e9tant pas d\u00e9group\u00e9 par Free, il ne fait pas partie de leur surveillance) :<\/p>\n<p><img loading=\"lazy\" decoding=\"async\" class=\"alignnone size-large wp-image-135\" src=\"https:\/\/blog.scani.fr\/wp-content\/uploads\/2018\/07\/freereseau-1024x156.jpg\" alt=\"\" width=\"750\" height=\"114\" srcset=\"https:\/\/blog.scani.fr\/wp-content\/uploads\/2018\/07\/freereseau-1024x156.jpg 1024w, https:\/\/blog.scani.fr\/wp-content\/uploads\/2018\/07\/freereseau-300x46.jpg 300w, https:\/\/blog.scani.fr\/wp-content\/uploads\/2018\/07\/freereseau-768x117.jpg 768w, https:\/\/blog.scani.fr\/wp-content\/uploads\/2018\/07\/freereseau.jpg 1059w\" sizes=\"auto, (max-width: 750px) 100vw, 750px\" \/><\/p>\n<p>On se dit assez vite \u00ab\u00a0oui mais, Ligny et Pontigny, c&rsquo;est VRAIMENT pas le m\u00eame coin\u00a0\u00bb. C&rsquo;est vrai .. Sauf que, du point de vue du r\u00e9seau, si.<\/p>\n<p>Pour d\u00e9nicher cette information, on va faire un tour chez les copains de LaFibre.Info qui tient \u00e0 jour <a href=\"https:\/\/carte-fh.lafibre.info\/\" target=\"_blank\" rel=\"noopener\">une carte de l&rsquo;ensemble des connexions radios<\/a> exploit\u00e9es par les op\u00e9rateurs. En ce qui concerne Orange, on y apprends que le central t\u00e9l\u00e9phonique de Taingy, tout comme celui d&rsquo;\u00c9tais-la-Sauvin sont aliment\u00e9s en radio depuis le site TDF de Bleigny-le-Carreau. Pontigny et Ligny se trouvent \u00e0 proximit\u00e9 imm\u00e9diate de Bleigny.<\/p>\n<p><img loading=\"lazy\" decoding=\"async\" class=\"alignnone size-full wp-image-136\" src=\"https:\/\/blog.scani.fr\/wp-content\/uploads\/2018\/07\/cartefh.jpg\" alt=\"\" width=\"812\" height=\"901\" srcset=\"https:\/\/blog.scani.fr\/wp-content\/uploads\/2018\/07\/cartefh.jpg 812w, https:\/\/blog.scani.fr\/wp-content\/uploads\/2018\/07\/cartefh-270x300.jpg 270w, https:\/\/blog.scani.fr\/wp-content\/uploads\/2018\/07\/cartefh-768x852.jpg 768w\" sizes=\"auto, (max-width: 812px) 100vw, 812px\" \/><\/p>\n<p>La panne concernant Pontigny et Ligny s&rsquo;est termin\u00e9e vers 15h30. Pourtant, du c\u00f4t\u00e9 de Taingy, il a fallu attendre 19h20 pour voir revenir la lumi\u00e8re au bout du tunnel.<\/p>\n<p>Du coup, on se dit que la panne a probablement du toucher, au moins en partie, <a href=\"https:\/\/carte-fh.lafibre.info\/galerie_photo\/index.php?\/category\/1023\" target=\"_blank\" rel=\"noopener\">le pyl\u00f4ne de Bleigny<\/a> (la photo en t\u00eate d&rsquo;article). Il aurait \u00e9t\u00e9 pertinent de v\u00e9rifier, sur le moment, si la t\u00e9l\u00e9phonie mobile \u00e9tait impact\u00e9e dans les secteurs avoisinants, le pyl\u00f4ne de Bleigny \u00e9tant <a href=\"https:\/\/carte-fh.lafibre.info\/index.php?no_sup_init=595526\" target=\"_blank\" rel=\"noopener\">un n\u0153ud central<\/a> des r\u00e9seaux d&rsquo;Orange, Free et (surtout) Bouygues.<\/p>\n","protected":false},"excerpt":{"rendered":"<p>Une panne de l&rsquo;un des liens utilis\u00e9s par SCANI est l&rsquo;occasion de faire un billet qui explique comment fonctionne le r\u00e9seau de la coop\u00e9rative et de montrer ce qu&rsquo;on peut apprendre avec quelques outils simples.<\/p>\n","protected":false},"author":1,"featured_media":137,"comment_status":"open","ping_status":"open","sticky":false,"template":"","format":"standard","meta":{"footnotes":""},"categories":[9,4],"tags":[],"class_list":["post-132","post","type-post","status-publish","format-standard","has-post-thumbnail","hentry","category-reseau","category-technique"],"_links":{"self":[{"href":"https:\/\/blog.scani.fr\/index.php\/wp-json\/wp\/v2\/posts\/132","targetHints":{"allow":["GET"]}}],"collection":[{"href":"https:\/\/blog.scani.fr\/index.php\/wp-json\/wp\/v2\/posts"}],"about":[{"href":"https:\/\/blog.scani.fr\/index.php\/wp-json\/wp\/v2\/types\/post"}],"author":[{"embeddable":true,"href":"https:\/\/blog.scani.fr\/index.php\/wp-json\/wp\/v2\/users\/1"}],"replies":[{"embeddable":true,"href":"https:\/\/blog.scani.fr\/index.php\/wp-json\/wp\/v2\/comments?post=132"}],"version-history":[{"count":2,"href":"https:\/\/blog.scani.fr\/index.php\/wp-json\/wp\/v2\/posts\/132\/revisions"}],"predecessor-version":[{"id":139,"href":"https:\/\/blog.scani.fr\/index.php\/wp-json\/wp\/v2\/posts\/132\/revisions\/139"}],"wp:featuredmedia":[{"embeddable":true,"href":"https:\/\/blog.scani.fr\/index.php\/wp-json\/wp\/v2\/media\/137"}],"wp:attachment":[{"href":"https:\/\/blog.scani.fr\/index.php\/wp-json\/wp\/v2\/media?parent=132"}],"wp:term":[{"taxonomy":"category","embeddable":true,"href":"https:\/\/blog.scani.fr\/index.php\/wp-json\/wp\/v2\/categories?post=132"},{"taxonomy":"post_tag","embeddable":true,"href":"https:\/\/blog.scani.fr\/index.php\/wp-json\/wp\/v2\/tags?post=132"}],"curies":[{"name":"wp","href":"https:\/\/api.w.org\/{rel}","templated":true}]}}